

{"id":68290,"date":"2023-06-16T13:24:38","date_gmt":"2023-06-16T11:24:38","guid":{"rendered":"https:\/\/ms-contentfactory.srv.vocento.in\/contentfactorylocal\/?p=68290"},"modified":"2023-06-16T13:50:53","modified_gmt":"2023-06-16T11:50:53","slug":"cambio-climatico-james-zachos-y-ellen-thomas","status":"publish","type":"post","link":"\/content-local\/cambio-climatico-james-zachos-y-ellen-thomas\/","title":{"rendered":"Cambio clim\u00e1tico: James Zachos y Ellen Thomas"},"content":{"rendered":"<p>[vc_row][vc_column]<div class='bloque'><a class='open-btn close-nav quees' href='#'><span class='p-content'>XV Premios Fundaci\u00f3n BBVA Fronteras del Conocimiento<\/span><\/a><h1><strong>Cambio clim\u00e1tico: James Zachos y Ellen Thomas<\/strong><p>Reciben el galard\u00f3n \u00abpor descubrir un \u2018efecto invernadero\u2019 de hace 56 millones de a\u00f1os que permite predecir los impactos destructivos del actual calentamiento global\u00bb<\/p><\/h1><\/figure><figure class='imgprincipal'><img width=\"1024\" height=\"409\" src=\"\/content-local\/wp-content\/uploads\/sites\/10\/2023\/06\/cambio-climatico-fundacion-bbva.jpg\" class=\"attachment-large size-large\" alt=\"cambio-climatico-fundacion-bbva\" loading=\"lazy\" \/><\/figure><\/div>[\/vc_column][\/vc_row][vc_row centrar=\u00bbtrue\u00bb el_class=\u00bbgrid grid-pad\u00bb][vc_column el_class=\u00bbcol-1-1 tablet-col-1-1&#8243;]<div class='firmaRRSS '>\n       <div class='info'><address class='firmaAutor' data-autor='EL CORREO'><img src=\"\/content-local\/wp-content\/uploads\/sites\/10\/2021\/05\/logoec.png\"> EL CORREO<\/address><time class='publicacion'>\n         16 junio, 2023 - 13:24<\/time><\/div>\n           <div class='compartir'><p>Compartir<\/p><ul>\n                <li class='facebook'>\n                            <a href='https:\/\/www.facebook.com\/sharer\/sharer.php?u=https:\/\/elcorreo.com\/content-local\/cambio-climatico-james-zachos-y-ellen-thomas\/' class='bcl-compartir-fb' data-voc-vtm-id='compartirrrss' data-voc-vtm-info='facebook' target='_blank' title='Compartelo en Facebook' rel='nofollow'>\n                        <i class='facebook'><\/i>\n                    <\/a>\n                <\/li><li class='twitter'>\n                    <a href='https:\/\/twitter.com\/intent\/tweet?text=https:\/\/elcorreo.com\/content-local\/cambio-climatico-james-zachos-y-ellen-thomas\/' class='bcl-compartir-tw twitter' data-voc-vtm-id='compartirrrss' data-voc-vtm-info='twitter' target='_blank' title='Compartelo en Twitter' rel='nofollow'>\n                        <i class='twitter'><\/i>\n                    <\/a>\n                <\/li><li class='whatsapp'>\n                    <a href='whatsapp:\/\/send?text=https:\/\/elcorreo.com\/content-local\/cambio-climatico-james-zachos-y-ellen-thomas\/' data-voc-vtm-id='compartirrrss' data-voc-vtm-info='whatsapp' class='whatsapp' target='_blank' title='Compartelo en whatsapp' rel='nofollow'>\n                        <i class='whatsapp'><\/i>\n                    <\/a>\n                <\/li>\n    \n    <\/ul><\/div><\/div>[\/vc_column][\/vc_row][vc_row centrar=\u00bbtrue\u00bb el_class=\u00bbgrid grid-pad\u00bb][vc_column el_class=\u00bbcol-10-12 tablet-col-1-1&#8243;]<p class=\"parrafocount\">El <a href=\"https:\/\/www.premiosfronterasdelconocimiento.es\/\" target=\"_blank\" rel=\"noopener\">XV Premio Fundaci\u00f3n BBVA Fronteras del Conocimiento<\/a> en la categor\u00eda de Cambio Clim\u00e1tico lo comparten los paleoclimat\u00f3logos James Zachos y Ellen Thomas \u00abpor su trascendental contribuci\u00f3n al <strong>descubrimiento de un importante evento natural en el registro f\u00f3sil<\/strong> que ofrece una poderosa analog\u00eda del cambio clim\u00e1tico antropog\u00e9nico\u00bb, seg\u00fan destaca el acta del jurado. Los galardonados descubrieron en los 90 un episodio an\u00f3malo en la historia del planeta en el que se produjeron <strong>emisiones masivas de CO2 y metano a la atm\u00f3sfera y la temperatura global ascendi\u00f3 entre 5 y 6 \u00baC.<\/strong> El episodio, posiblemente provocado por actividad volc\u00e1nica, volvi\u00f3 m\u00e1s \u00e1cidos los oc\u00e9anos y desencaden\u00f3 una de las mayores extinciones de organismos de aguas profundas.<\/p><p class='parrafocount'><p class='parrafocount'>El efecto invernadero generado hace 56 millones de a\u00f1os por el llamado <strong>M\u00e1ximo T\u00e9rmico del Paleoceno-Eoceno<\/strong> (PETM, por sus siglas en ingl\u00e9s) es comparable al actual cambio clim\u00e1tico provocado por la quema de combustibles f\u00f3siles. \u00abLa investigaci\u00f3n de Zachos y Thomas ha sentado las bases para los modelos de predicci\u00f3n del cambio clim\u00e1tico que se est\u00e1n utilizando en la actualidad\u00bb, explica Laia Alegret, catedr\u00e1tica de Paleontolog\u00eda en la Universidad de Zaragoza y acad\u00e9mica de la Real Academia de Ciencias Exactas, F\u00edsicas y Naturales, quien nomin\u00f3 a los investigadores.<\/p><p class=\"parrafocount\">El PETM se considera la mejor analog\u00eda geol\u00f3gica del cambio clim\u00e1tico actual. Las similitudes en cuanto a emisiones de carbono, subida de las temperaturas y acidificaci\u00f3n de los oc\u00e9anos, unidas al nivel de detalle con el que se conoce aquel episodio, permiten poner a prueba las predicciones que se deducen de los modelos num\u00e9ricos para comprobar si funcionan. Por ello, constituye un \u00abexperimento natural\u00bb que ha sido clave para <strong>validar y acotar los modelos que se utilizan hoy en d\u00eda para predecir la evoluci\u00f3n futura del clima<\/strong>, seg\u00fan explica el profesor Zachos.<\/p>[\/vc_column][\/vc_row][vc_row centrar=\u00bbtrue\u00bb el_class=\u00bbgrid grid-pad\u00bb][vc_column el_class=\u00bbcol-10-12 tablet-col-1-1&#8243;]\n        <h2 class=\"\">Libro de historia sobre el clima<\/h2>\n    <p class=\"parrafocount\">El descubrimiento del PETM comenz\u00f3 en 1987 con una expedici\u00f3n de perforaci\u00f3n oce\u00e1nica en la Ant\u00e1rtida en la que participaba Thomas. Su misi\u00f3n a bordo, como experta en micropaleontolog\u00eda, era analizar las muestras de sedimento as\u00ed obtenidas en busca de unos organismos microsc\u00f3picos que habitan en el fondo del mar. Por el modo en que se depositan, los sedimentos constituyen una suerte de libro de la historia del planeta, cuyas p\u00e1ginas o capas m\u00e1s profundas corresponden a las \u00e9pocas m\u00e1s antiguas. En las muestras que correspond\u00edan al l\u00edmite entre el Paleoceno y el Eoceno, <strong>Thomas observ\u00f3 una extinci\u00f3n masiva realmente sorprendente<\/strong> que s\u00f3lo pod\u00eda deberse a un cambio dram\u00e1tico a escala global. Y en paralelo, descubri\u00f3 que se hab\u00eda producido un calentamiento global pronunciado. \u00abEra la mayor extinci\u00f3n de este grupo de organismos en los \u00faltimos 90 millones de a\u00f1os\u00bb, se\u00f1ala Alegret.<\/p>\n        <blockquote class=\"derecha \">\n\t\t<p class=\"parrafocount\">\u00abLa investigaci\u00f3n de Zachos y Thomas ha sentado las bases para los modelos de predicci\u00f3n del cambio clim\u00e1tico que se est\u00e1n utilizando en la actualidad\u00bb<\/p>\n        <address><\/address>\n\t\t<\/blockquote>\n    <p class=\"parrafocount\">La confirmaci\u00f3n definitiva de este fen\u00f3meno lleg\u00f3 gracias a las investigaciones de James Zachos. El cient\u00edfico analiz\u00f3 sedimentos terrestres obtenidos en Wyoming (EE UU) y <strong>observ\u00f3 una perturbaci\u00f3n notable en el is\u00f3topo del carbono-13<\/strong> que parec\u00eda indicar que se hab\u00edan liberado grandes cantidades de este elemento a la atm\u00f3sfera en el l\u00edmite Paleoceno-Eoceno. \u00abTodas las piezas comenzaron a encajar como en un puzle y eran coherentes con la teor\u00eda del efecto invernadero\u00bb, destaca el premiado. \u00abLo que Thomas hab\u00eda visto en los fondos marinos, Zachos lo estaba observando en medios terrestres a miles de kil\u00f3metros de distancia. Fue la forma de verificar que se trataba de<strong> un gran evento de alcance planetario, que hab\u00eda afectado a medios terrestres, a la superficie y al fondo de los oc\u00e9anos<\/strong>\u00ab, a\u00f1ade Alegret.<\/p><p class='parrafocount'><p class='parrafocount'>Desde entonces, Zachos y Thomas colaboraron para desentra\u00f1ar los vaivenes clim\u00e1ticos del planeta a lo largo de la historia geol\u00f3gica. En 2001 publicaron un art\u00edculo en la revista &#8216;Science&#8217;, donde presentaron la curva de temperatura m\u00e1s completa de los \u00faltimos 65 millones de a\u00f1os. En este contexto tan amplio, el PETM destacaba como el mayor episodio de calentamiento. Adem\u00e1s, identificaron otros \u00abeventos hipertermales\u00bb, de calentamiento de distintas magnitudes, emisiones de gases de efecto invernadero a distintas velocidades y las variadas consecuencias de cada uno de estos episodios. Todo este conocimiento hist\u00f3rico ha servido para <strong>\u00abcomprobar que la teor\u00eda del efecto invernadero es b\u00e1sicamente correcta<\/strong> y nos ha dado confianza en nuestra habilidad para predecir el clima del futuro\u00bb, afirma Zachos.<\/p>[\/vc_column][\/vc_row][vc_row centrar=\u00bbtrue\u00bb el_class=\u00bbgrid grid-pad\u00bb][vc_column el_class=\u00bbcol-10-12 tablet-col-1-1&#8243;]\n        <h2 class=\"\">Advertencia para el futuro<\/h2>\n    <p class=\"parrafocount\">La extinci\u00f3n masiva que desencaden\u00f3 el PETM constituye una advertencia. El ritmo de emisiones actual debido a la actividad industrial humana a lo largo de los \u00faltimos dos siglos, destaca Zachos, es diez veces mayor que el de entonces. \u00abSi comparamos con la escala de tiempo del calentamiento antropog\u00e9nico actual, que representa una fracci\u00f3n de tiempo muy breve en la historia de la Tierra, de menos de dos siglos desde la Segunda Revoluci\u00f3n Industrial, constatamos que los niveles de gases de efecto invernadero en la atm\u00f3sfera son ya alt\u00edsimos. Los an\u00e1logos del pasado, como el PETM, nos advierten de que <strong>estamos siguiendo un camino que se antoja muy peligroso\u00bb,<\/strong> advierte Miquel Canals, director del Departamento de Din\u00e1mica de la Tierra y del Oc\u00e9ano de la Universidad de Barcelona, y miembro del jurado.<\/p><p class='parrafocount'><p class='parrafocount'>Preguntado si el efecto invernadero actual provocado por el ser humano podr\u00eda llegar a desencadenar un calentamiento global tan masivo como el que atraves\u00f3 la Tierra en el PETM, Zachos considera que \u00abdesde luego podr\u00eda ocurrir si continuamos quemando combustibles f\u00f3siles\u00bb. El galardonado alerta de que algunos impactos \u00abseguramente ya son inevitables: ya no podremos evitar un aumento de 1-2 metros del nivel del mar\u00bb. Pero est\u00e1 convencido de que \u00ab<strong>reduciendo emisiones de carbono<\/strong> y realizando una transici\u00f3n hacia el <strong>uso de energ\u00edas renovables<\/strong> estamos <strong>a tiempo de evitar los peores escenarios<\/strong>, como un aumento del nivel del mar del orden de 10-15 metros\u00bb.<\/p><p class='parrafocount'><p class='parrafocount'>Thomas, por su parte, admite que es \u00abbastante pesimista\u00bb sobre la posibilidad de evitar algunos impactos graves del actual calentamiento global sobre la poblaci\u00f3n humana: \u00abCon respecto al nivel del mar, <strong>hemos subestimado la situaci\u00f3n<\/strong> y veremos efectos severos en zonas pobladas, como en mi tierra natal, los Pa\u00edses Bajos, donde amplias zonas pueden acabar bajo el agua, al igual que buena parte de Nueva York y Florida. La gente se ver\u00e1 obligada a emigrar\u00bb. Al mismo tiempo, le preocupan los potenciales impactos del calentamiento sobre el ciclo del agua, documentados en el PETM, as\u00ed como sobre la agricultura:<strong> \u00abMuchas zonas se secar\u00e1n y no se podr\u00e1n cultivar alimentos de primera importancia\u00bb<\/strong>. \u00abEl calentamiento global est\u00e1 aqu\u00ed\u00bb, resalta.<\/p>[\/vc_column][\/vc_row][vc_row centrar=\u00bbtrue\u00bb el_class=\u00bbgrid grid-pad\u00bb][vc_column]\n        <div class='bloque'>\n         <div class='compartir'><p>Compartir<\/p><ul>\n                <li class='facebook'>\n                            <a href='https:\/\/www.facebook.com\/sharer\/sharer.php?u=https:\/\/elcorreo.com\/content-local\/cambio-climatico-james-zachos-y-ellen-thomas\/' class='bcl-compartir-fb' target='_blank' title='Compartelo en Facebook' rel='nofollow'>\n                        <i class='facebook'><\/i>\n                    <\/a>\n                <\/li><li class='twitter'>\n                    <a href='https:\/\/twitter.com\/intent\/tweet?text=https:\/\/elcorreo.com\/content-local\/cambio-climatico-james-zachos-y-ellen-thomas\/' class='bcl-compartir-tw twitter' target='_blank' title='Compartelo en Twitter' rel='nofollow'>\n                        <i class='twitter'><\/i>\n                    <\/a>\n                <\/li><li class='whatsapp'>\n                    <a href='whatsapp:\/\/send?text=https:\/\/elcorreo.com\/content-local\/cambio-climatico-james-zachos-y-ellen-thomas\/' class='whatsapp' target='_blank' title='Compartelo en whatsapp' rel='nofollow'>\n                        <i class='whatsapp'><\/i>\n                    <\/a>\n                <\/li>\n                   <\/ul><\/div>\n        <div class='pie-ad '>\n            <p><strong>Content Service<\/strong> elaborado por <a href=\"https:\/\/www.srbediciones.com\/\" target=\"_blank\" rel=\"noopener\">SRB Ediciones<\/a>.<\/p>\n        <\/div><\/div>[\/vc_column][\/vc_row]<\/p>\n","protected":false},"excerpt":{"rendered":"<p>[vc_row][vc_column][\/vc_column][\/vc_row][vc_row centrar=\u00bbtrue\u00bb el_class=\u00bbgrid grid-pad\u00bb][vc_column el_class=\u00bbcol-1-1 tablet-col-1-1&#8243;][\/vc_column][\/vc_row][vc_row centrar=\u00bbtrue\u00bb el_class=\u00bbgrid grid-pad\u00bb][vc_column el_class=\u00bbcol-10-12 tablet-col-1-1&#8243;][\/vc_column][\/vc_row][vc_row centrar=\u00bbtrue\u00bb el_class=\u00bbgrid grid-pad\u00bb][vc_column el_class=\u00bbcol-10-12 tablet-col-1-1&#8243;][\/vc_column][\/vc_row][vc_row centrar=\u00bbtrue\u00bb el_class=\u00bbgrid grid-pad\u00bb][vc_column el_class=\u00bbcol-10-12 tablet-col-1-1&#8243;][\/vc_column][\/vc_row][vc_row centrar=\u00bbtrue\u00bb el_class=\u00bbgrid grid-pad\u00bb][vc_column][\/vc_column][\/vc_row]<\/p>\n","protected":false},"author":10,"featured_media":68295,"comment_status":"open","ping_status":"open","sticky":false,"template":"","format":"standard","meta":[],"categories":[43],"tags":[995,960],"acf":[],"_links":{"self":[{"href":"\/content-local\/wp-json\/wp\/v2\/posts\/68290"}],"collection":[{"href":"\/content-local\/wp-json\/wp\/v2\/posts"}],"about":[{"href":"\/content-local\/wp-json\/wp\/v2\/types\/post"}],"author":[{"embeddable":true,"href":"\/content-local\/wp-json\/wp\/v2\/users\/10"}],"replies":[{"embeddable":true,"href":"\/content-local\/wp-json\/wp\/v2\/comments?post=68290"}],"version-history":[{"count":6,"href":"\/content-local\/wp-json\/wp\/v2\/posts\/68290\/revisions"}],"predecessor-version":[{"id":68298,"href":"\/content-local\/wp-json\/wp\/v2\/posts\/68290\/revisions\/68298"}],"wp:featuredmedia":[{"embeddable":true,"href":"\/content-local\/wp-json\/wp\/v2\/media\/68295"}],"wp:attachment":[{"href":"\/content-local\/wp-json\/wp\/v2\/media?parent=68290"}],"wp:term":[{"taxonomy":"category","embeddable":true,"href":"\/content-local\/wp-json\/wp\/v2\/categories?post=68290"},{"taxonomy":"post_tag","embeddable":true,"href":"\/content-local\/wp-json\/wp\/v2\/tags?post=68290"}],"curies":[{"name":"wp","href":"https:\/\/api.w.org\/{rel}","templated":true}]}}