
{"id":162536,"date":"2026-09-02T13:49:28","date_gmt":"2026-09-02T11:49:28","guid":{"rendered":"https:\/\/ms-contentfactory.srv.vocento.in\/contentfactorylocal\/?p=162536"},"modified":"2026-09-03T13:40:01","modified_gmt":"2026-09-03T11:40:01","slug":"kalamazoo-culmina-su-cambio-de-marca-y-se-convierte-en-mondoffice","status":"publish","type":"post","link":"\/content-local\/kalamazoo-culmina-su-cambio-de-marca-y-se-convierte-en-mondoffice\/","title":{"rendered":"Kalamazoo culmina su cambio de marca y se convierte en Mondoffice"},"content":{"rendered":"<p>[vc_row el_class=\u00bbcol-1-1 tablet-col-1-1&#8243;][vc_column el_class=\u00bbcol-1-1 tablet-col-1-1&#8243;]\n        <div class='fullimg principal'>\n            <div class='tituloemergente'>\n                <div class='grid grid-pad'>\n                    <a class='open-btn close-nav quees' href=''>\n                        <span class='p-content'>Kalamazoo<\/span>\n                    <\/a>\n                    <h1><strong>Kalamazoo culmina su cambio de marca y se convierte en Mondoffice<\/strong><p>La compa\u00f1\u00eda de productos y mobiliario de oficina mantiene intacto su compromiso con la calidad, la innovaci\u00f3n y la orientaci\u00f3n al cliente<\/p><\/h1>\n                <\/div>\n            <\/div>\n        <figure class='videoPrincipal'><img src='\/content-local\/wp-content\/uploads\/sites\/10\/2026\/09\/kalamazoo-ppal.jpg'><\/figure><\/div>[\/vc_column][\/vc_row][vc_row centrar=\u00bbtrue\u00bb el_class=\u00bbgrid grid-pad\u00bb][vc_column el_class=\u00bbcol-1-1 tablet-col-1-1&#8243;]<div class='firmaRRSS '>\n       <div class='info'><address class='firmaAutor' data-autor='EL CORREO'><img src=\"\/content-local\/wp-content\/uploads\/sites\/10\/2021\/05\/logoec.png\"> EL CORREO<\/address><time class='publicacion'>\n         2 septiembre, 2026 - 13:49<\/time><\/div>\n           <div class='compartir'><p>Compartir<\/p><ul>\n                <li class='facebook'>\n                            <a href='https:\/\/www.facebook.com\/sharer\/sharer.php?u=https:\/\/elcorreo.com\/content-local\/kalamazoo-culmina-su-cambio-de-marca-y-se-convierte-en-mondoffice\/' class='bcl-compartir-fb' data-voc-vtm-id='compartirrrss' data-voc-vtm-info='facebook' target='_blank' title='Compartelo en Facebook' rel='nofollow'>\n                        <i class='facebook'><\/i>\n                    <\/a>\n                <\/li><li class='twitter'>\n                    <a href='https:\/\/twitter.com\/intent\/tweet?text=https:\/\/elcorreo.com\/content-local\/kalamazoo-culmina-su-cambio-de-marca-y-se-convierte-en-mondoffice\/' class='bcl-compartir-tw twitter' data-voc-vtm-id='compartirrrss' data-voc-vtm-info='twitter' target='_blank' title='Compartelo en Twitter' rel='nofollow'>\n                        <i class='twitter'><\/i>\n                    <\/a>\n                <\/li><li class='whatsapp'>\n                    <a href='whatsapp:\/\/send?text=https:\/\/elcorreo.com\/content-local\/kalamazoo-culmina-su-cambio-de-marca-y-se-convierte-en-mondoffice\/' data-voc-vtm-id='compartirrrss' data-voc-vtm-info='whatsapp' class='whatsapp' target='_blank' title='Compartelo en whatsapp' rel='nofollow'>\n                        <i class='whatsapp'><\/i>\n                    <\/a>\n                <\/li>\n    \n    <\/ul><\/div><\/div>[\/vc_column][\/vc_row][vc_row centrar=\u00bbtrue\u00bb el_class=\u00bbgrid grid-pad\u00bb][vc_column el_class=\u00bbcol-10-12 tablet-col-1-1&#8243;]<p class=\"parrafocount\">Kalamazoo, especialista en productos y mobiliario de oficina en Espa\u00f1a desde hace m\u00e1s de 50 a\u00f1os, ha anunciado su cambio de marca, pasando a operar bajo el nombre de Mondoffice. Este movimiento estrat\u00e9gico responde a la evoluci\u00f3n experimentada por la empresa en los \u00faltimos a\u00f1os, buscando consolidar su posici\u00f3n en el mercado y alinear su estrategia con la del Grupo Raja, matriz que ha unificado la actividad de venta de productos y mobiliario de oficina en Espa\u00f1a, Italia y Francia bajo esta misma ense\u00f1a.<\/p>[\/vc_column][\/vc_row][vc_row centrar=\u00bbtrue\u00bb el_class=\u00bbgrid grid-pad\u00bb][vc_column el_class=\u00bbcol-10-12 tablet-col-1-1&#8243;]<p class=\"parrafocount\">Esta transici\u00f3n trasciende el \u00e1mbito del cambio de nombre para simbolizar \u00abuna evoluci\u00f3n natural hacia una organizaci\u00f3n m\u00e1s moderna, cercana e innovadora, adaptada a las nuevas din\u00e1micas del sector\u00bb, explican desde la compa\u00f1\u00eda. A pesar del cambio de imagen, su esencia corporativa, valores y compromiso con la calidad, la innovaci\u00f3n y el servicio al cliente permanecen intactos, apoyados por el talento, la dedicaci\u00f3n y la implicaci\u00f3n de las personas que hacen posible su \u00e9xito cada d\u00eda. \u00abJuntos iniciamos esta nueva etapa con ilusi\u00f3n, confianza y la ambici\u00f3n de seguir construyendo el futuro\u00bb, subraya Jorge Gallego, director general de la empresa.<\/p>[vc_single_image image=\u00bb162546&#8243; img_size=\u00bbfull\u00bb alignment=\u00bbcenter\u00bb][vc_empty_space]\n        <h2 class=\"\">Razones detr\u00e1s del cambio<\/h2>\n    <p class=\"parrafocount\">La adopci\u00f3n de la marca \u00adMondoffice se sustenta en cuatro pilares fundamentales: la expansi\u00f3n hacia nuevos mercados y clientes, la modernizaci\u00f3n integral de la marca, el refuerzo de su propuesta de valor y la b\u00fasqueda de una mayor coherencia a escala internacional.<\/p><p class='parrafocount'><p class='parrafocount'>El concepto Mondoffice \u2013una fusi\u00f3n de dos palabras con mucha energ\u00eda, \u2018Mundo\u2019 y \u2018Oficina\u2019\u2013 pretende reflejar la filosof\u00eda de la empresa: un espacio donde el cliente encuentra soluciones flexibles y \u00fatiles ante una oficina en constante transformaci\u00f3n. Con esta denominaci\u00f3n, la firma refuerza su presencia en el mercado espa\u00f1ol, sum\u00e1ndose a la trayectoria de 35 a\u00f1os que la marca ya posee en Italia y a su presencia en Francia.<\/p>[vc_single_image image=\u00bb162579&#8243; img_size=\u00bbfull\u00bb alignment=\u00bbcenter\u00bb][vc_empty_space]\n        <h2 class=\"\">Enfoque en el cliente y competitividad<\/h2>\n    <p class=\"parrafocount\">M\u00e1s all\u00e1 de la identidad visual, el cambio busca proyectar a la compa\u00f1\u00eda como un proveedor \u00fanico y adem\u00e1s como un socio estrat\u00e9gico capaz de acompa\u00f1ar a las empresas en la gesti\u00f3n de sus espacios de trabajo, adapt\u00e1ndose a las nuevas exigencias de flexibilidad y digitalizaci\u00f3n.<\/p>\n        <blockquote class=\"derecha \">\n\t\t<p class=\"parrafocount\">Su cat\u00e1logo de m\u00e1s de 30.000 productos satisface todas las necesidades profesionales<\/p>\n        <address><\/address>\n\t\t<\/blockquote>\n    <p class=\"parrafocount\">Mondoffice hace hincapi\u00e9 igualmente en su capacidad log\u00edstica y de suministro, destacando un cat\u00e1logo que supera los 30.000 productos para satisfacer todas las necesidades profesionales con soluciones sencillas, completas e integradas.<\/p><p class='parrafocount'><p class='parrafocount'>Con este cambio, la compa\u00f1\u00eda reafirma su objetivo de liderar el sector combinando la escala de un grupo europeo con la proximidad y atenci\u00f3n personalizada.<\/p>\n        <h2 class=\"\">La fuerza de una marca propia<\/h2>\n    <p class=\"parrafocount\">Como parte de esta nueva etapa de la compa\u00f1\u00eda tambi\u00e9n destacan sus productos marca propia Mondoffice, lanzada en septiembre de 2025. Esta gama, presente en los tres pa\u00edses donde opera el grupo, cuenta actualmente con m\u00e1s de 1.000 referencias en stock \u00aba precios competitivos\u00bb. La propuesta de valor de esta l\u00ednea se centra en la sostenibilidad \u2014 con m\u00e1s del 50% de productos certificados\u2014 y en ahorros que pueden alcanzar hasta un 30% frente a productos equivalentes, sin renunciar a la calidad. La oferta sigue creciendo con nuevas categor\u00edas, como mesas ergon\u00f3micas elevables, sillas de ofi cina, cartuchos y t\u00f3neres compatibles.<\/p>[\/vc_column][\/vc_row][vc_row css=\u00bb.vc_custom_1637064064126{background-color: #efefef !important;}\u00bb el_class=\u00bbgrid grid-pad\u00bb][vc_column]<p class=\"parrafocount\"><strong>M\u00c1S INFORMACI\u00d3N<\/strong><\/p><p class='parrafocount'><p class='parrafocount'><strong>Tel\u00e9fono:<\/strong> 944 554 050<\/p><p class='parrafocount'><p class='parrafocount'><strong>Web: <\/strong><a href=\"https:\/\/www.mondoffice.es\/\" target=\"_blank\" rel=\"nofollow noopener\">www.mondoffice.es<\/a><\/p>[\/vc_column][\/vc_row][vc_row centrar=\u00bbtrue\u00bb el_class=\u00bbgrid grid-pad\u00bb][vc_column el_class=\u00bbcol-1-1 tablet-col-1-1&#8243;]\n        <div class='bloque'>\n         <div class='compartir'><p>Compartir<\/p><ul>\n                <li class='facebook'>\n                            <a href='https:\/\/www.facebook.com\/sharer\/sharer.php?u=https:\/\/elcorreo.com\/content-local\/kalamazoo-culmina-su-cambio-de-marca-y-se-convierte-en-mondoffice\/' class='bcl-compartir-fb' target='_blank' title='Compartelo en Facebook' rel='nofollow'>\n                        <i class='facebook'><\/i>\n                    <\/a>\n                <\/li><li class='twitter'>\n                    <a href='https:\/\/twitter.com\/intent\/tweet?text=https:\/\/elcorreo.com\/content-local\/kalamazoo-culmina-su-cambio-de-marca-y-se-convierte-en-mondoffice\/' class='bcl-compartir-tw twitter' target='_blank' title='Compartelo en Twitter' rel='nofollow'>\n                        <i class='twitter'><\/i>\n                    <\/a>\n                <\/li><li class='whatsapp'>\n                    <a href='whatsapp:\/\/send?text=https:\/\/elcorreo.com\/content-local\/kalamazoo-culmina-su-cambio-de-marca-y-se-convierte-en-mondoffice\/' class='whatsapp' target='_blank' title='Compartelo en whatsapp' rel='nofollow'>\n                        <i class='whatsapp'><\/i>\n                    <\/a>\n                <\/li>\n                   <\/ul><\/div>\n        <div class='pie-ad '>\n            <p><strong>Content Service<\/strong> elaborado por <a href=\"https:\/\/www.srbediciones.com\/\" target=\"_blank\" rel=\"noopener\">SRB Ediciones<\/a>.<\/p>\n        <\/div><\/div>[\/vc_column][\/vc_row][vc_row][vc_column][\/vc_column][\/vc_row][vc_row][vc_column][\/vc_column][\/vc_row]<\/p>\n","protected":false},"excerpt":{"rendered":"<p>[vc_row el_class=\u00bbcol-1-1 tablet-col-1-1&#8243;][vc_column el_class=\u00bbcol-1-1 tablet-col-1-1&#8243;][\/vc_column][\/vc_row][vc_row centrar=\u00bbtrue\u00bb el_class=\u00bbgrid grid-pad\u00bb][vc_column el_class=\u00bbcol-1-1 tablet-col-1-1&#8243;][\/vc_column][\/vc_row][vc_row centrar=\u00bbtrue\u00bb el_class=\u00bbgrid grid-pad\u00bb][vc_column el_class=\u00bbcol-10-12 tablet-col-1-1&#8243;][\/vc_column][\/vc_row][vc_row centrar=\u00bbtrue\u00bb el_class=\u00bbgrid grid-pad\u00bb][vc_column el_class=\u00bbcol-10-12 tablet-col-1-1&#8243;][vc_single_image image=\u00bb162546&#8243; img_size=\u00bbfull\u00bb alignment=\u00bbcenter\u00bb][vc_empty_space][vc_single_image image=\u00bb162579&#8243; img_size=\u00bbfull\u00bb alignment=\u00bbcenter\u00bb][vc_empty_space][\/vc_column][\/vc_row][vc_row css=\u00bb.vc_custom_1637064064126{background-color: #efefef !important;}\u00bb el_class=\u00bbgrid grid-pad\u00bb][vc_column][\/vc_column][\/vc_row][vc_row centrar=\u00bbtrue\u00bb el_class=\u00bbgrid grid-pad\u00bb][vc_column el_class=\u00bbcol-1-1 tablet-col-1-1&#8243;][\/vc_column][\/vc_row][vc_row][vc_column][\/vc_column][\/vc_row][vc_row][vc_column][\/vc_column][\/vc_row]<\/p>\n","protected":false},"author":10,"featured_media":0,"comment_status":"closed","ping_status":"closed","sticky":false,"template":"","format":"standard","meta":[],"categories":[43],"tags":[1912],"acf":[],"_links":{"self":[{"href":"\/content-local\/wp-json\/wp\/v2\/posts\/162536"}],"collection":[{"href":"\/content-local\/wp-json\/wp\/v2\/posts"}],"about":[{"href":"\/content-local\/wp-json\/wp\/v2\/types\/post"}],"author":[{"embeddable":true,"href":"\/content-local\/wp-json\/wp\/v2\/users\/10"}],"replies":[{"embeddable":true,"href":"\/content-local\/wp-json\/wp\/v2\/comments?post=162536"}],"version-history":[{"count":13,"href":"\/content-local\/wp-json\/wp\/v2\/posts\/162536\/revisions"}],"predecessor-version":[{"id":162604,"href":"\/content-local\/wp-json\/wp\/v2\/posts\/162536\/revisions\/162604"}],"wp:attachment":[{"href":"\/content-local\/wp-json\/wp\/v2\/media?parent=162536"}],"wp:term":[{"taxonomy":"category","embeddable":true,"href":"\/content-local\/wp-json\/wp\/v2\/categories?post=162536"},{"taxonomy":"post_tag","embeddable":true,"href":"\/content-local\/wp-json\/wp\/v2\/tags?post=162536"}],"curies":[{"name":"wp","href":"https:\/\/api.w.org\/{rel}","templated":true}]}}