
{"id":157892,"date":"2026-06-05T10:42:23","date_gmt":"2026-06-05T08:42:23","guid":{"rendered":"https:\/\/ms-contentfactory.srv.vocento.in\/contentfactorylocal\/?p=157892"},"modified":"2026-06-05T13:27:04","modified_gmt":"2026-06-05T11:27:04","slug":"si-crees-que-algo-salio-mal-en-tu-asistencia-sanitaria-tienes-derecho-a-saber-que-ocurrio-y-a-reclamar","status":"publish","type":"post","link":"\/content-local\/si-crees-que-algo-salio-mal-en-tu-asistencia-sanitaria-tienes-derecho-a-saber-que-ocurrio-y-a-reclamar\/","title":{"rendered":"\u00abSi crees que algo sali\u00f3 mal en tu asistencia sanitaria, tienes derecho a saber qu\u00e9 ocurri\u00f3 y a reclamar\u00bb"},"content":{"rendered":"<p>[vc_row][vc_column]\n    <div class='bloque'>\n        <a class='open-btn close-nav quees' href='#'>\n            <span class=''>Dimmao Abogados<\/span>\n        <\/a>\n        <h1>\n        <strong>\u00abSi crees que algo sali\u00f3 mal en tu asistencia sanitaria, tienes derecho a saber qu\u00e9 ocurri\u00f3 y a reclamar\u00bb<\/strong>\n        <p>El Despacho bilba\u00edno Dimmao Abogados lleva a\u00f1os defendiendo a pacientes que han sufrido negligencias m\u00e9dicas en Euskadi, Cantabria y Navarra.<\/p>\n    <\/h1>\n    <\/figure><figure class='imgprincipal'><img src='\/content-local\/wp-content\/uploads\/sites\/10\/2026\/06\/dimmao-abogados-foto-equipo.jpg'><\/figure><\/div>[vc_column_text el_class=\u00bbbloque\u00bb]David Garc\u00eda Fortuna, Aitor Velar Abarrategui y Patricia Arigita Quind\u00f3s, parte del equipo legal de Dimmao Abogados.[\/vc_column_text][\/vc_column][\/vc_row][vc_row centrar=\u00bbtrue\u00bb el_class=\u00bbgrid grid-pad\u00bb][vc_column el_class=\u00bbcol-1-1 tablet-col-1-1&#8243;]<div class='firmaRRSS '>\n       <div class='info'><address class='firmaAutor' data-autor='EL CORREO'><img src=\"\/content-local\/wp-content\/uploads\/sites\/10\/2021\/05\/logoec.png\"> EL CORREO<\/address><time class='publicacion'>\n         5 junio, 2026 - 10:42<\/time><\/div>\n           <div class='compartir'><p>Compartir<\/p><ul>\n                <li class='facebook'>\n                            <a href='https:\/\/www.facebook.com\/sharer\/sharer.php?u=https:\/\/elcorreo.com\/content-local\/si-crees-que-algo-salio-mal-en-tu-asistencia-sanitaria-tienes-derecho-a-saber-que-ocurrio-y-a-reclamar\/' class='bcl-compartir-fb' data-voc-vtm-id='compartirrrss' data-voc-vtm-info='facebook' target='_blank' title='Compartelo en Facebook' rel='nofollow'>\n                        <i class='facebook'><\/i>\n                    <\/a>\n                <\/li><li class='twitter'>\n                    <a href='https:\/\/twitter.com\/intent\/tweet?text=https:\/\/elcorreo.com\/content-local\/si-crees-que-algo-salio-mal-en-tu-asistencia-sanitaria-tienes-derecho-a-saber-que-ocurrio-y-a-reclamar\/' class='bcl-compartir-tw twitter' data-voc-vtm-id='compartirrrss' data-voc-vtm-info='twitter' target='_blank' title='Compartelo en Twitter' rel='nofollow'>\n                        <i class='twitter'><\/i>\n                    <\/a>\n                <\/li><li class='whatsapp'>\n                    <a href='whatsapp:\/\/send?text=https:\/\/elcorreo.com\/content-local\/si-crees-que-algo-salio-mal-en-tu-asistencia-sanitaria-tienes-derecho-a-saber-que-ocurrio-y-a-reclamar\/' data-voc-vtm-id='compartirrrss' data-voc-vtm-info='whatsapp' class='whatsapp' target='_blank' title='Compartelo en whatsapp' rel='nofollow'>\n                        <i class='whatsapp'><\/i>\n                    <\/a>\n                <\/li>\n    \n    <\/ul><\/div><\/div>[\/vc_column][\/vc_row][vc_row centrar=\u00bbtrue\u00bb el_class=\u00bbgrid grid-pad\u00bb][vc_column el_class=\u00bbcol-10-12 tablet-col-1-1&#8243;]<p class=\"parrafocount\">Algo no cuadra. Un familiar fallece y la familia siente que algo no funcion\u00f3 como deb\u00eda. El diagn\u00f3stico lleg\u00f3 tarde. La intervenci\u00f3n dej\u00f3 una secuela que nadie supo explicar bien. Son situaciones que muchas familias han vivido sin saber exactamente qu\u00e9 hacer a continuaci\u00f3n ni a qui\u00e9n preguntar. La respuesta, sin embargo, es m\u00e1s sencilla de lo que parece: buscar <strong>asesoramiento especializado<\/strong>.<\/p><p class='parrafocount'><p class='parrafocount'>En Bilbao, con oficinas en el centro de la ciudad, trabaja <a href=\"https:\/\/dimmao.com\/\" target=\"_blank\" rel=\"nofollow noopener\">Dimmao Abogados<\/a>, un despacho que cuenta con profesionales espec\u00edficamente formados en reclamaciones por <a href=\"https:\/\/dimmao.com\/negligencias-medicas\/\" target=\"_blank\" rel=\"nofollow noopener\">negligencias m\u00e9dicas<\/a> y<strong> mala praxis sanitaria.<\/strong><\/p><p class='parrafocount'><p class='parrafocount'>Esta \u00e1rea del despacho responde a una apuesta profesional clara: trabajar las reclamaciones por negligencias m\u00e9dicas desde una formaci\u00f3n espec\u00edfica en <strong>derecho sanitario<\/strong> y una <strong>experiencia pr\u00e1ctica acumulada<\/strong> caso a caso, expediente a expediente.<\/p>[\/vc_column][\/vc_row][vc_row centrar=\u00bbtrue\u00bb el_class=\u00bbgrid grid-pad\u00bb][vc_column el_class=\u00bbcol-10-12 tablet-col-1-1&#8243;]\n        <h2 class=\"\">El equipo<\/h2>\n    <p class=\"parrafocount\">El letrado <strong>David Garc\u00eda Fortuna<\/strong> es el responsable de esta \u00e1rea dentro de <strong>Dimmao Abogados<\/strong>. Con una trayectoria amplia en derecho sanitario, conoce de primera mano la complejidad que rodea estos asuntos: la revisi\u00f3n exhaustiva de historiales cl\u00ednicos, los plazos que no admiten demoras y la diferencia crucial entre una reclamaci\u00f3n bien construida y una que queda en nada.<\/p><p class='parrafocount'><p class='parrafocount'>A su lado trabajan los letrados <strong>Aitor Velar Abarrategui<\/strong> y <strong>Patricia Arigita Quind\u00f3s<\/strong>, que aportan formaci\u00f3n espec\u00edfica en sus respectivas \u00e1reas de especializaci\u00f3n y completan un equipo capaz de cubrir todas las fases del procedimiento, con rigor en el estudio de los hechos y honestidad en la valoraci\u00f3n de sus posibilidades reales.<\/p><p class='parrafocount'><p class='parrafocount'>Y en eso <strong>Dimmao Abogados<\/strong> es especialmente claro. El despacho solo asume casos con<strong> viabilidad real<\/strong>. No se trata de una postura c\u00f3moda, sino de un compromiso con el cliente. Iniciar una reclamaci\u00f3n que no tiene recorrido no beneficia a nadie, genera falsas expectativas y, sobre todo, no es honesto. Por eso, antes de dar un solo paso, los profesionales dedican el tiempo necesario a evaluar si existe base legal s\u00f3lida para actuar.<\/p>[vc_empty_space][vc_single_image image=\u00bb157915&#8243; img_size=\u00bbfull\u00bb add_caption=\u00bbyes\u00bb][vc_empty_space]\n        <h2 class=\"\">Peritos m\u00e9dicos y rigor t\u00e9cnico<\/h2>\n    <p class=\"parrafocount\">Una de las claves en cualquier <strong>reclamaci\u00f3n por negligencia m\u00e9dica<\/strong> es contar con respaldo t\u00e9cnico de calidad. En este sentido, Dimmao Abogados pone a disposici\u00f3n de sus clientes un equipo de peritos m\u00e9dicos de todas las especialidades, as\u00ed como valoradores especializados, que analizan la documentaci\u00f3n cl\u00ednica y elaboran los informes necesarios para sustentar la correspondiente reclamaci\u00f3n con garant\u00edas.<\/p><p class='parrafocount'><p class='parrafocount'>No es casual que el Despacho forme parte de la red de colaboradores jur\u00eddicos de la<strong> Asociaci\u00f3n el Defensor del Paciente<\/strong>, organizaci\u00f3n que lleva desde 1997 trabajando por los derechos de los pacientes en toda Espa\u00f1a y que es hoy una de las voces m\u00e1s reconocidas en este \u00e1mbito. Para Dimmao Abogados, esa vinculaci\u00f3n no es solo un aval; es una forma de estar al d\u00eda en un \u00e1rea del derecho que evoluciona constantemente y de compartir criterio con quienes llevan d\u00e9cadas en la trinchera de los afectados.<\/p>\n        <h2 class=\"\">Reclamaciones frente a Osakidetza, Osasunbidea y la sanidad privada<\/h2>\n    <p class=\"parrafocount\">Uno de los aspectos que distingue al \u00e1rea de negligencias de Dimmao Abogados es su experiencia acumulada frente a las principales instituciones sanitarias del entorno. El Despacho lleva a\u00f1os tramitando reclamaciones frente a <strong>Osakidetza<\/strong> (Servicio Vasco de Salud) , <strong>Osasunbidea<\/strong> (Servicio Navarro de Salud) y <strong>contra cl\u00ednicas y hospitales privados.<\/strong><\/p><p class='parrafocount'><p class='parrafocount'>Reclamar frente a una Administraci\u00f3n p\u00fablica exige conocer reglas muy distintas a las de una reclamaci\u00f3n contra una entidad privada: cambian los plazos, el procedimiento, la forma de plantear la prueba y la estrategia. Haber recorrido ya ese camino y saber c\u00f3mo se tramitan estos asuntos puede marcar una diferencia real en el resultado.<\/p>\n        <h2 class=\"\">\u00bfCu\u00e1ndo se puede reclamar?<\/h2>\n    <p class=\"parrafocount\">No hace falta tener la certeza de que hubo negligencia para contactar con el Despacho. Basta con tener dudas razonables. Algunos de los supuestos m\u00e1s habituales que llegan a DIMMAO Abogados son:<\/p><p class='parrafocount'><p class='parrafocount'>-El fallecimiento de un familiar en circunstancias que generan dudas sobre la atenci\u00f3n recibida.<br \/><p class='parrafocount'>-Un diagn\u00f3stico que se retras\u00f3 y empeor\u00f3 el pron\u00f3stico del paciente.<br \/><p class='parrafocount'>-Una operaci\u00f3n quir\u00fargica con complicaciones que no fueron debidamente advertidas.<br \/><p class='parrafocount'>-La falta de consentimiento informado adecuado.<\/p><p class='parrafocount'><p class='parrafocount'>En todos estos casos, la clave es actuar con tiempo suficiente: los plazos de prescripci\u00f3n en materia sanitaria son estrictos, y dejarlos pasar puede cerrar definitivamente la posibilidad de reclamar.<\/p>\n        <blockquote class=\"derecha \">\n\t\t<p class=\"parrafocount\">Los plazos de prescripci\u00f3n en materia sanitaria son estrictos, y dejarlos pasar puede cerrar definitivamente la posibilidad de reclamar.<\/p>\n        <address><\/address>\n\t\t<\/blockquote>\n    \n        <h2 class=\"\">Sin compromiso y con todas las cartas sobre la mesa<\/h2>\n    <p class=\"parrafocount\">Cualquier persona que sospeche haber sufrido una negligencia m\u00e9dica puede contactar con <strong>Dimmao Abogados,<\/strong> sin compromiso de ning\u00fan tipo. La primera consulta sirve para conocer el caso, valorar si existe base legal para actuar y explicar los pormenores del proceso. Sin letra peque\u00f1a.<\/p><p class='parrafocount'><p class='parrafocount'>\u00abNo queremos que nadie se quede con la duda por no saber a qui\u00e9n llamar\u00bb, se\u00f1ala el letrado David Garc\u00eda Fortuna. \u00abSi hay algo que reclamar, lo vamos a decir. Y si no la hay, tambi\u00e9n. Eso es lo que cualquiera esperar\u00eda de su abogado\u00bb.<\/p><p class='parrafocount'><p class='parrafocount'>Con oficinas en las c\u00e9ntricas calles de <strong>Diputaci\u00f3n y Henao<\/strong>, el despacho atiende en todo <strong>Euskadi, Cantabria y Navarra<\/strong>, adem\u00e1s del resto de Espa\u00f1a.<\/p>[\/vc_column][\/vc_row][vc_row centrar=\u00bbtrue\u00bb el_class=\u00bbgrid grid-pad\u00bb css=\u00bb.vc_custom_1780389891425{background-color: #efefef !important;}\u00bb][vc_column el_class=\u00bbcol-10-12 tablet-col-1-1&#8243;]\n        <h2 class=\"\">M\u00e1s informaci\u00f3n<\/h2>\n    <p class=\"parrafocount\"><strong>Web:<\/strong> <a href=\"http:\/\/www.dimmao.com\" target=\"_blank\" rel=\"nofollow noopener\">www.dimmao.com<\/a><\/p><p class='parrafocount'><p class='parrafocount'><strong>Tel\u00e9fono: <\/strong>\u00a0944 08 02 01<\/p><p class='parrafocount'><p class='parrafocount'><strong>Email:<\/strong> <a href=\"mailto:info@dimmao.com\">info@dimmao.com<\/a><\/p><p class='parrafocount'><p class='parrafocount'><strong>Direcciones:<\/strong> Calle Diputaci\u00f3n, 4bis, 6\u00ba A (Bilbao)<br \/><p class='parrafocount'>Calle Henao, 13, 3\u00ba C y D (Bilbao)<\/p>[\/vc_column][\/vc_row][vc_row centrar=\u00bbtrue\u00bb el_class=\u00bbgrid grid-pad\u00bb][vc_column]\n        <div class='bloque'>\n         <div class='compartir'><p>Compartir<\/p><ul>\n                <li class='facebook'>\n                            <a href='https:\/\/www.facebook.com\/sharer\/sharer.php?u=https:\/\/elcorreo.com\/content-local\/si-crees-que-algo-salio-mal-en-tu-asistencia-sanitaria-tienes-derecho-a-saber-que-ocurrio-y-a-reclamar\/' class='bcl-compartir-fb' target='_blank' title='Compartelo en Facebook' rel='nofollow'>\n                        <i class='facebook'><\/i>\n                    <\/a>\n                <\/li><li class='twitter'>\n                    <a href='https:\/\/twitter.com\/intent\/tweet?text=https:\/\/elcorreo.com\/content-local\/si-crees-que-algo-salio-mal-en-tu-asistencia-sanitaria-tienes-derecho-a-saber-que-ocurrio-y-a-reclamar\/' class='bcl-compartir-tw twitter' target='_blank' title='Compartelo en Twitter' rel='nofollow'>\n                        <i class='twitter'><\/i>\n                    <\/a>\n                <\/li><li class='whatsapp'>\n                    <a href='whatsapp:\/\/send?text=https:\/\/elcorreo.com\/content-local\/si-crees-que-algo-salio-mal-en-tu-asistencia-sanitaria-tienes-derecho-a-saber-que-ocurrio-y-a-reclamar\/' class='whatsapp' target='_blank' title='Compartelo en whatsapp' rel='nofollow'>\n                        <i class='whatsapp'><\/i>\n                    <\/a>\n                <\/li>\n                   <\/ul><\/div>\n        <div class='pie-ad '>\n            <p><strong>Content Service<\/strong> elaborado por <a href=\"https:\/\/www.srbediciones.com\/\" target=\"_blank\" rel=\"noopener\">SRB Ediciones<\/a>.<\/p>\n        <\/div><\/div>[\/vc_column][\/vc_row]<\/p>\n","protected":false},"excerpt":{"rendered":"<p>[vc_row][vc_column][vc_column_text el_class=\u00bbbloque\u00bb]David Garc\u00eda Fortuna, Aitor Velar Abarrategui y Patricia Arigita Quind\u00f3s, parte del equipo legal de Dimmao Abogados.[\/vc_column_text][\/vc_column][\/vc_row][vc_row centrar=\u00bbtrue\u00bb el_class=\u00bbgrid grid-pad\u00bb][vc_column el_class=\u00bbcol-1-1 tablet-col-1-1&#8243;][\/vc_column][\/vc_row][vc_row centrar=\u00bbtrue\u00bb el_class=\u00bbgrid grid-pad\u00bb][vc_column el_class=\u00bbcol-10-12 tablet-col-1-1&#8243;][\/vc_column][\/vc_row][vc_row centrar=\u00bbtrue\u00bb el_class=\u00bbgrid grid-pad\u00bb][vc_column el_class=\u00bbcol-10-12 tablet-col-1-1&#8243;][vc_empty_space][vc_single_image image=\u00bb157915&#8243; img_size=\u00bbfull\u00bb add_caption=\u00bbyes\u00bb][vc_empty_space][\/vc_column][\/vc_row][vc_row centrar=\u00bbtrue\u00bb el_class=\u00bbgrid grid-pad\u00bb css=\u00bb.vc_custom_1780389891425{background-color: #efefef !important;}\u00bb][vc_column el_class=\u00bbcol-10-12 tablet-col-1-1&#8243;][\/vc_column][\/vc_row][vc_row centrar=\u00bbtrue\u00bb el_class=\u00bbgrid grid-pad\u00bb][vc_column][\/vc_column][\/vc_row]<\/p>\n","protected":false},"author":10,"featured_media":0,"comment_status":"closed","ping_status":"closed","sticky":false,"template":"","format":"standard","meta":[],"categories":[43],"tags":[3692,3689,3558,3691,3690,3693],"acf":[],"_links":{"self":[{"href":"\/content-local\/wp-json\/wp\/v2\/posts\/157892"}],"collection":[{"href":"\/content-local\/wp-json\/wp\/v2\/posts"}],"about":[{"href":"\/content-local\/wp-json\/wp\/v2\/types\/post"}],"author":[{"embeddable":true,"href":"\/content-local\/wp-json\/wp\/v2\/users\/10"}],"replies":[{"embeddable":true,"href":"\/content-local\/wp-json\/wp\/v2\/comments?post=157892"}],"version-history":[{"count":14,"href":"\/content-local\/wp-json\/wp\/v2\/posts\/157892\/revisions"}],"predecessor-version":[{"id":157922,"href":"\/content-local\/wp-json\/wp\/v2\/posts\/157892\/revisions\/157922"}],"wp:attachment":[{"href":"\/content-local\/wp-json\/wp\/v2\/media?parent=157892"}],"wp:term":[{"taxonomy":"category","embeddable":true,"href":"\/content-local\/wp-json\/wp\/v2\/categories?post=157892"},{"taxonomy":"post_tag","embeddable":true,"href":"\/content-local\/wp-json\/wp\/v2\/tags?post=157892"}],"curies":[{"name":"wp","href":"https:\/\/api.w.org\/{rel}","templated":true}]}}