
{"id":152955,"date":"2026-03-30T11:38:58","date_gmt":"2026-03-30T09:38:58","guid":{"rendered":"https:\/\/ms-contentfactory.srv.vocento.in\/contentfactorylocal\/?p=152955"},"modified":"2026-03-30T16:29:30","modified_gmt":"2026-03-30T14:29:30","slug":"miranza-okular-soluciones-innovadoras-para-una-vision-sin-gafas","status":"publish","type":"post","link":"\/content-local\/miranza-okular-soluciones-innovadoras-para-una-vision-sin-gafas\/","title":{"rendered":"Miranza \u00d3kular: soluciones innovadoras para una visi\u00f3n sin gafas"},"content":{"rendered":"<p>[vc_row el_class=\u00bbcol-1-1 tablet-col-1-1&#8243;][vc_column el_class=\u00bbcol-1-1 tablet-col-1-1&#8243;]\n        <div class='fullimg principal'>\n            <div class='tituloemergente'>\n                <div class='grid grid-pad'>\n                    <a class='open-btn close-nav quees' href=''>\n                        <span class=''><\/span>\n                    <\/a>\n                    <h1><strong>Miranza \u00d3kular: soluciones innovadoras para una visi\u00f3n sin gafas<\/strong><p><\/p><\/h1>\n                <\/div>\n            <\/div>\n        <figure class='videoPrincipal'><img src='\/content-local\/wp-content\/uploads\/sites\/10\/2024\/03\/miranza-okular-ppal.jpg'><\/figure><\/div>[\/vc_column][\/vc_row][vc_row centrar=\u00bbtrue\u00bb el_class=\u00bbgrid grid-pad\u00bb][vc_column el_class=\u00bbcol-1-1 tablet-col-1-1&#8243;]<div class='firmaRRSS '>\n       <div class='info'><address class='firmaAutor' data-autor='EL CORREO'><img src=\"\/content-local\/wp-content\/uploads\/sites\/10\/2021\/05\/logoec.png\"> EL CORREO<\/address><time class='publicacion'>\n         30 marzo, 2026 - 11:38<\/time><\/div>\n           <div class='compartir'><p>Compartir<\/p><ul>\n                <li class='facebook'>\n                            <a href='https:\/\/www.facebook.com\/sharer\/sharer.php?u=https:\/\/elcorreo.com\/content-local\/miranza-okular-soluciones-innovadoras-para-una-vision-sin-gafas\/' class='bcl-compartir-fb' data-voc-vtm-id='compartirrrss' data-voc-vtm-info='facebook' target='_blank' title='Compartelo en Facebook' rel='nofollow'>\n                        <i class='facebook'><\/i>\n                    <\/a>\n                <\/li><li class='twitter'>\n                    <a href='https:\/\/twitter.com\/intent\/tweet?text=https:\/\/elcorreo.com\/content-local\/miranza-okular-soluciones-innovadoras-para-una-vision-sin-gafas\/' class='bcl-compartir-tw twitter' data-voc-vtm-id='compartirrrss' data-voc-vtm-info='twitter' target='_blank' title='Compartelo en Twitter' rel='nofollow'>\n                        <i class='twitter'><\/i>\n                    <\/a>\n                <\/li><li class='whatsapp'>\n                    <a href='whatsapp:\/\/send?text=https:\/\/elcorreo.com\/content-local\/miranza-okular-soluciones-innovadoras-para-una-vision-sin-gafas\/' data-voc-vtm-id='compartirrrss' data-voc-vtm-info='whatsapp' class='whatsapp' target='_blank' title='Compartelo en whatsapp' rel='nofollow'>\n                        <i class='whatsapp'><\/i>\n                    <\/a>\n                <\/li>\n    \n    <\/ul><\/div><\/div>[\/vc_column][\/vc_row][vc_row centrar=\u00bbtrue\u00bb el_class=\u00bbgrid grid-pad\u00bb][vc_column el_class=\u00bbcol-10-12 tablet-col-1-1&#8243;]<p class=\"parrafocount\">No poder leer correctamente en el m\u00f3vil, disfrutar de un libro, practicar deporte o realizar otras actividades cotidianas sin limitaciones puede verse seriamente afectado por la dependencia de gafas o lentes de contacto. Esta dependencia no solo limita la comodidad y la libertad en el d\u00eda a d\u00eda, sino que tambi\u00e9n puede influir en la calidad de vida de quienes la padecen. Con m\u00e1s de 30 a\u00f1os liderando la oftalmolog\u00eda en Vitoria, <a href=\"http:\/\/urldefense.com\/v3\/__https:\/miranza.es\/nuestras-clinicas\/miranza-okular\/?utm_source=branded&amp;utm_medium=bc_elcorreo&amp;utm_campaign=bc_elcorreo_aramberrirefractiva__;!!IHJ3XrWN4X8!L7O8u30loxXjCwFRa6OuZCIlVqOYe1f7D2Kc-_6sqD6IibBuD1m5pkJ1s7aEeFLtzyhQrGv_p1rAOjSH9Ep_zmm1nWe1HNUX36E$\" target=\"_blank\" rel=\"nofollow noopener\">Miranza \u00d3kular<\/a> se ha consolidado como un referente en cirug\u00eda refractiva, ofreciendo tratamientos que combinan tecnolog\u00eda de \u00faltima generaci\u00f3n con una atenci\u00f3n totalmente personalizada, con el objetivo de proporcionar a cada paciente resultados eficaces, seguros y duraderos.<\/p>[\/vc_column][\/vc_row][vc_row centrar=\u00bbtrue\u00bb el_class=\u00bbgrid grid-pad\u00bb][vc_column el_class=\u00bbcol-10-12 tablet-col-1-1&#8243;][vc_single_image image=\u00bb152966&#8243; img_size=\u00bbfull\u00bb alignment=\u00bbcenter\u00bb]\n        <h2 class=\"\">Un ojo dise\u00f1ado a medida<\/h2>\n    <p class=\"parrafocount\">Para decir adi\u00f3s a las gafas, existen principalmente dos <a href=\"http:\/\/urldefense.com\/v3\/__https:\/miranza.es\/cirugia-refractiva\/?utm_source=branded&amp;utm_medium=bc_elcorreo&amp;utm_campaign=bc_elcorreo_aramberrirefractiva__;!!IHJ3XrWN4X8!L7O8u30loxXjCwFRa6OuZCIlVqOYe1f7D2Kc-_6sqD6IibBuD1m5pkJ1s7aEeFLtzyhQrGv_p1rAOjSH9Ep_zmm1nWe1f449DAE$\" target=\"_blank\" rel=\"nofollow noopener\">t\u00e9cnicas de cirug\u00eda refractiva<\/a>. Por un lado, se encuentra la cirug\u00eda con l\u00e1ser, que incluye procedimientos con l\u00e1ser excimer como FemtoLasik o PRK transepitelial, recomendados para corregir defectos refractivos frecuentes como la miop\u00eda, la hipermetrop\u00eda o el astigmatismo. Estos procedimientos permiten remodelar la c\u00f3rnea de manera precisa, adaptando la visi\u00f3n a las necesidades de cada paciente y logrando una recuperaci\u00f3n r\u00e1pida y con m\u00ednimas molestias postoperatorias.<\/p><p class='parrafocount'><p class='parrafocount'>Sin embargo, no todos los pacientes son candidatos al l\u00e1ser. En casos de graduaciones elevadas o cuando la anatom\u00eda ocular del paciente lo aconseja, pueden implantarse <a href=\"http:\/\/urldefense.com\/v3\/__https:\/miranza.es\/cirugia-lentes-intraculares\/?utm_source=branded&amp;utm_medium=bc_elcorreo&amp;utm_campaign=bc_elcorreo_aramberrirefractiva__;!!IHJ3XrWN4X8!L7O8u30loxXjCwFRa6OuZCIlVqOYe1f7D2Kc-_6sqD6IibBuD1m5pkJ1s7aEeFLtzyhQrGv_p1rAOjSH9Ep_zmm1nWe1WiKcLmc$\" target=\"_blank\" rel=\"nofollow noopener\">lentes intraoculares<\/a> f\u00e1quicas. Estas lentes se colocan entre el iris y el cristalino, la lente natural del ojo, sin necesidad de extraerlo, y ofrecen resultados altamente estables y seguros, permitiendo corregir la visi\u00f3n de forma permanente mientras se preserva la estructura natural del ojo.<\/p><p class=\"parrafocount\">La elecci\u00f3n de la t\u00e9cnica m\u00e1s adecuada requiere un an\u00e1lisis detallado del ojo de cada persona. Seg\u00fan explica el Dr. Jaime Aramberri, director m\u00e9dico de Miranza \u00d3kular, \u00abanalizamos cuidadosamente el ojo de cada paciente que va a ser operado. Hoy contamos con medios diagn\u00f3sticos de alt\u00edsima precisi\u00f3n que, hace tan solo unos a\u00f1os, ni siquiera pod\u00edamos imaginar. Gracias a estas pruebas exhaustivas, podemos prever con exactitud c\u00f3mo quedar\u00e1 el ojo tras la cirug\u00eda y personalizar la intervenci\u00f3n seg\u00fan las necesidades, h\u00e1bitos y actividades cotidianas de cada paciente, asegurando as\u00ed un resultado \u00f3ptimo y adaptado a su estilo de vida\u00bb.<\/p>\n        <h2 class=\"\">El auge de la cirug\u00eda de cristalino<\/h2>\n    <p class=\"parrafocount\">A partir de los 45 o 50 a\u00f1os, especialmente cuando aparece presbicia \u2014tambi\u00e9n conocida como vista cansada\u2014, se puede considerar la cirug\u00eda del cristalino mediante lentes intraoculares (LIO) premium. Estas lentes est\u00e1n dise\u00f1adas no solo para el tratamiento de cataratas, sino tambi\u00e9n para corregir defectos refractivos, con el objetivo de reducir al m\u00e1ximo la dependencia de gafas y mejorar la visi\u00f3n en todas las distancias. El procedimiento consiste en extraer el cristalino envejecido del paciente y reemplazarlo por una lente intraocular adaptada a sus necesidades visuales.<\/p><p class='parrafocount'><p class='parrafocount'>En este sentido, Miranza \u00d3kular cuenta con los \u00faltimos modelos de lentes intraoculares, como los dise\u00f1os de \u00f3ptica trifocal y EDOF de \u00faltima generaci\u00f3n, dise\u00f1adas para ofrecer una visi\u00f3n n\u00edtida de lejos, media y corta distancia, cuya elecci\u00f3n depende del an\u00e1lisis personalizado de los ojos del paciente y de la valoraci\u00f3n de sus necesidades visuales. Adem\u00e1s, el centro dispone de f\u00f3rmulas de c\u00e1lculo precisas para determinar la potencia exacta de cada lente, as\u00ed como de plataformas y equipos complementarios en quir\u00f3fano que facilitan su correcta implantaci\u00f3n y optimizan los resultados visuales.<\/p><p class='parrafocount'><p class='parrafocount'>La demanda de estas soluciones contin\u00faa creciendo, reflejando el inter\u00e9s de los pacientes por tratamientos cada vez m\u00e1s precisos, seguros y personalizados. \u00abEn todas nuestras consultas encontramos pacientes que explican lo bien que funciona la vida sin gafas tras operarse. Poder hacer deporte, conducir, o simplemente leer el men\u00fa de un restaurante sin gafas supone una liberaci\u00f3n que mejora sustancialmente la calidad de vida de la gente\u00bb, concluye el Dr. Aramberri.<\/p>[vc_empty_space height=\u00bb25&#8243;][\/vc_column][\/vc_row][vc_row centrar=\u00bbtrue\u00bb el_class=\u00bbgrid grid-pad\u00bb][vc_column el_class=\u00bbcol-10-12 tablet-col-1-1&#8243;]\n        <h2 class=\"\">Cuadro m\u00e9dico de Miranza \u00d3kular<\/h2>\n    <p class=\"parrafocount\">Dr. Jaime Aramberri<\/p><p class='parrafocount'><p class='parrafocount'>Dr. Ricardo Cocco<\/p><p class='parrafocount'><p class='parrafocount'>Dra. Itziar G\u00f3mez Lorente<\/p><p class='parrafocount'><p class='parrafocount'>Dr. Ignacio Guti\u00e9rrez Santamar\u00eda<\/p><p class='parrafocount'><p class='parrafocount'>Dra. Amaia Latorre<\/p><p class='parrafocount'><p class='parrafocount'>Dr. Javier Mu\u00f1oz<\/p><p class='parrafocount'><p class='parrafocount'>Dra. Itziar Ozaeta<\/p><p class='parrafocount'><p class='parrafocount'>Dra. Elena Pereira<\/p><p class='parrafocount'><p class='parrafocount'>Dra. Patricia Quiroga<\/p><p class='parrafocount'><p class='parrafocount'>Dr. Aritz Urcola<\/p>[vc_empty_space height=\u00bb25&#8243;][\/vc_column][\/vc_row][vc_row centrar=\u00bbtrue\u00bb el_class=\u00bbgrid grid-pad\u00bb css=\u00bb.vc_custom_1711542060274{background-color: #efefef !important;}\u00bb][vc_column el_class=\u00bbcol-10-12 tablet-col-1-1&#8243;]<p class=\"parrafocount\"><strong>M\u00c1S INFORMACI\u00d3N<\/strong><\/p><p class='parrafocount'><p class='parrafocount'><strong>Direcci\u00f3n Miranza \u00d3kular:<\/strong> Calle Florida, 32 (Vitoria-Gasteiz)<\/p><p class='parrafocount'><p class='parrafocount'><strong>RPS:<\/strong> 98\/25<\/p><p class='parrafocount'><p class='parrafocount'><strong>Tel\u00e9fono:<\/strong> 945 230 980<\/p><p class='parrafocount'><p class='parrafocount'><strong>Web:<\/strong> <a href=\"https:\/\/miranza.es\/\" target=\"_blank\" rel=\"noopener\">www.miranza.es<\/a><\/p>[\/vc_column][\/vc_row][vc_row centrar=\u00bbtrue\u00bb el_class=\u00bbgrid grid-pad\u00bb][vc_column]\n        <div class='bloque'>\n         <div class='compartir'><p>Compartir<\/p><ul>\n                <li class='facebook'>\n                            <a href='https:\/\/www.facebook.com\/sharer\/sharer.php?u=https:\/\/elcorreo.com\/content-local\/miranza-okular-soluciones-innovadoras-para-una-vision-sin-gafas\/' class='bcl-compartir-fb' target='_blank' title='Compartelo en Facebook' rel='nofollow'>\n                        <i class='facebook'><\/i>\n                    <\/a>\n                <\/li><li class='twitter'>\n                    <a href='https:\/\/twitter.com\/intent\/tweet?text=https:\/\/elcorreo.com\/content-local\/miranza-okular-soluciones-innovadoras-para-una-vision-sin-gafas\/' class='bcl-compartir-tw twitter' target='_blank' title='Compartelo en Twitter' rel='nofollow'>\n                        <i class='twitter'><\/i>\n                    <\/a>\n                <\/li><li class='whatsapp'>\n                    <a href='whatsapp:\/\/send?text=https:\/\/elcorreo.com\/content-local\/miranza-okular-soluciones-innovadoras-para-una-vision-sin-gafas\/' class='whatsapp' target='_blank' title='Compartelo en whatsapp' rel='nofollow'>\n                        <i class='whatsapp'><\/i>\n                    <\/a>\n                <\/li>\n                   <\/ul><\/div>\n        <div class='pie-ad '>\n            <p><strong>Content Service <\/strong>elaborado por <a href=\"https:\/\/www.srbediciones.com\/\" target=\"_blank\" rel=\"noopener\">SRB Ediciones<\/a>.<\/p>\n        <\/div><\/div>[\/vc_column][\/vc_row]<\/p>\n","protected":false},"excerpt":{"rendered":"<p>[vc_row el_class=\u00bbcol-1-1 tablet-col-1-1&#8243;][vc_column el_class=\u00bbcol-1-1 tablet-col-1-1&#8243;][\/vc_column][\/vc_row][vc_row centrar=\u00bbtrue\u00bb el_class=\u00bbgrid grid-pad\u00bb][vc_column el_class=\u00bbcol-1-1 tablet-col-1-1&#8243;][\/vc_column][\/vc_row][vc_row centrar=\u00bbtrue\u00bb el_class=\u00bbgrid grid-pad\u00bb][vc_column el_class=\u00bbcol-10-12 tablet-col-1-1&#8243;][\/vc_column][\/vc_row][vc_row centrar=\u00bbtrue\u00bb el_class=\u00bbgrid grid-pad\u00bb][vc_column el_class=\u00bbcol-10-12 tablet-col-1-1&#8243;][vc_single_image image=\u00bb152966&#8243; img_size=\u00bbfull\u00bb alignment=\u00bbcenter\u00bb][vc_empty_space height=\u00bb25&#8243;][\/vc_column][\/vc_row][vc_row centrar=\u00bbtrue\u00bb el_class=\u00bbgrid grid-pad\u00bb][vc_column el_class=\u00bbcol-10-12 tablet-col-1-1&#8243;][vc_empty_space height=\u00bb25&#8243;][\/vc_column][\/vc_row][vc_row centrar=\u00bbtrue\u00bb el_class=\u00bbgrid grid-pad\u00bb css=\u00bb.vc_custom_1711542060274{background-color: #efefef !important;}\u00bb][vc_column el_class=\u00bbcol-10-12 tablet-col-1-1&#8243;][\/vc_column][\/vc_row][vc_row centrar=\u00bbtrue\u00bb el_class=\u00bbgrid grid-pad\u00bb][vc_column][\/vc_column][\/vc_row]<\/p>\n","protected":false},"author":10,"featured_media":0,"comment_status":"closed","ping_status":"closed","sticky":false,"template":"","format":"standard","meta":[],"categories":[43],"tags":[1623],"acf":[],"_links":{"self":[{"href":"\/content-local\/wp-json\/wp\/v2\/posts\/152955"}],"collection":[{"href":"\/content-local\/wp-json\/wp\/v2\/posts"}],"about":[{"href":"\/content-local\/wp-json\/wp\/v2\/types\/post"}],"author":[{"embeddable":true,"href":"\/content-local\/wp-json\/wp\/v2\/users\/10"}],"replies":[{"embeddable":true,"href":"\/content-local\/wp-json\/wp\/v2\/comments?post=152955"}],"version-history":[{"count":10,"href":"\/content-local\/wp-json\/wp\/v2\/posts\/152955\/revisions"}],"predecessor-version":[{"id":153273,"href":"\/content-local\/wp-json\/wp\/v2\/posts\/152955\/revisions\/153273"}],"wp:attachment":[{"href":"\/content-local\/wp-json\/wp\/v2\/media?parent=152955"}],"wp:term":[{"taxonomy":"category","embeddable":true,"href":"\/content-local\/wp-json\/wp\/v2\/categories?post=152955"},{"taxonomy":"post_tag","embeddable":true,"href":"\/content-local\/wp-json\/wp\/v2\/tags?post=152955"}],"curies":[{"name":"wp","href":"https:\/\/api.w.org\/{rel}","templated":true}]}}