
{"id":148411,"date":"2026-01-26T15:20:43","date_gmt":"2026-01-26T14:20:43","guid":{"rendered":"https:\/\/ms-contentfactory.srv.vocento.in\/contentfactorylocal\/?p=148411"},"modified":"2026-01-26T17:07:38","modified_gmt":"2026-01-26T16:07:38","slug":"innolab-bilbao-e-ikerlan-situan-a-la-capital-vizcaina-en-la-vanguardia-de-los-sistemas-electronicos-de-proxima-generacion","status":"publish","type":"post","link":"\/content-local\/innolab-bilbao-e-ikerlan-situan-a-la-capital-vizcaina-en-la-vanguardia-de-los-sistemas-electronicos-de-proxima-generacion\/","title":{"rendered":"Innolab Bilbao e Ikerlan sit\u00faan a la capital vizca\u00edna en la vanguardia de los sistemas electr\u00f3nicos de pr\u00f3xima generaci\u00f3n"},"content":{"rendered":"<p>[vc_row][vc_column]\n    <div class='bloque'>\n        <a class='open-btn close-nav quees' href='#'>\n            <span class=''><\/span>\n        <\/a>\n        <h1>\n        <strong>Innolab Bilbao e Ikerlan sit\u00faan a la capital vizca\u00edna en la vanguardia de los sistemas electr\u00f3nicos de pr\u00f3xima generaci\u00f3n<\/strong>\n        <p>La jornada reuni\u00f3 a empresas y expertos de primer nivel para analizar el impacto de estos sistemas en la competitividad industrial<\/p>\n    <\/h1>\n    <\/figure><figure class='imgprincipal'><img src='\/content-local\/wp-content\/uploads\/sites\/10\/2026\/01\/innolab-ikerlan-1-1.jpg'><\/figure><\/div>[\/vc_column][\/vc_row][vc_row centrar=\u00bbtrue\u00bb el_class=\u00bbgrid grid-pad\u00bb][vc_column el_class=\u00bbcol-1-1 tablet-col-1-1&#8243;]<div class='firmaRRSS '>\n       <div class='info'><address class='firmaAutor' data-autor='EL CORREO'><img src=\"\/content-local\/wp-content\/uploads\/sites\/10\/2021\/05\/logoec.png\"> EL CORREO<\/address><time class='publicacion'>\n         26 enero, 2026 - 15:20<\/time><\/div>\n           <div class='compartir'><p>Compartir<\/p><ul>\n                <li class='facebook'>\n                            <a href='https:\/\/www.facebook.com\/sharer\/sharer.php?u=https:\/\/elcorreo.com\/content-local\/innolab-bilbao-e-ikerlan-situan-a-la-capital-vizcaina-en-la-vanguardia-de-los-sistemas-electronicos-de-proxima-generacion\/' class='bcl-compartir-fb' data-voc-vtm-id='compartirrrss' data-voc-vtm-info='facebook' target='_blank' title='Compartelo en Facebook' rel='nofollow'>\n                        <i class='facebook'><\/i>\n                    <\/a>\n                <\/li><li class='twitter'>\n                    <a href='https:\/\/twitter.com\/intent\/tweet?text=https:\/\/elcorreo.com\/content-local\/innolab-bilbao-e-ikerlan-situan-a-la-capital-vizcaina-en-la-vanguardia-de-los-sistemas-electronicos-de-proxima-generacion\/' class='bcl-compartir-tw twitter' data-voc-vtm-id='compartirrrss' data-voc-vtm-info='twitter' target='_blank' title='Compartelo en Twitter' rel='nofollow'>\n                        <i class='twitter'><\/i>\n                    <\/a>\n                <\/li><li class='whatsapp'>\n                    <a href='whatsapp:\/\/send?text=https:\/\/elcorreo.com\/content-local\/innolab-bilbao-e-ikerlan-situan-a-la-capital-vizcaina-en-la-vanguardia-de-los-sistemas-electronicos-de-proxima-generacion\/' data-voc-vtm-id='compartirrrss' data-voc-vtm-info='whatsapp' class='whatsapp' target='_blank' title='Compartelo en whatsapp' rel='nofollow'>\n                        <i class='whatsapp'><\/i>\n                    <\/a>\n                <\/li>\n    \n    <\/ul><\/div><\/div>[\/vc_column][\/vc_row][vc_row centrar=\u00bbtrue\u00bb el_class=\u00bbgrid grid-pad\u00bb][vc_column el_class=\u00bbcol-10-12 tablet-col-1-1&#8243;]<p class=\"parrafocount\">Los\u00a0<strong>sistemas electr\u00f3nicos de pr\u00f3xima generaci\u00f3n<\/strong> se han convertido en esas tecnolog\u00edas avanzadas que permiten\u00a0<strong>controlar, supervisar y optimizar<\/strong> procesos productivos\u00a0de forma autom\u00e1tica e inteligente. Sistemas que contribuyen a mejorar la eficiencia, reducir costes y anticipar fallos, facilitando as\u00ed una industria m\u00e1s conectada, flexible y competitiva.<\/p><p class='parrafocount'><p class='parrafocount'>Conscientes de su relevancia, el centro tecnol\u00f3gico <strong><a href=\"https:\/\/www.ikerlan.es\/\" target=\"_blank\" rel=\"nofollow noopener\">Ikerlan<\/a><\/strong> junto a la plataforma de innovaci\u00f3n abierta <strong><a href=\"https:\/\/www.ilb.eus\/es\/\" target=\"_blank\" rel=\"nofollow noopener\">Innolab Bilbao<\/a><\/strong>, organizaron el pasado 21 de enero la jornada &#8216;Sistemas electr\u00f3nicos de pr\u00f3xima generaci\u00f3n&#8217; en Bilbao. Un encuentro que acogi\u00f3 a profesionales de empresas industriales y tecnol\u00f3gicas, as\u00ed como a representantes de centros de conocimiento, con el objetivo de analizar los principales desaf\u00edos y oportunidades ligados al desarrollo de estos sistemas y su impacto directo en la competitividad de la industria vasca.<\/p><p class='parrafocount'><p class='parrafocount'>A trav\u00e9s de ponencias y mesas redondas, directivos y tecn\u00f3logos de empresas como Avnet Silica, Salto Systems, Thales Alenia Space, BSC &#8211; Barcelona Supercomputing Center, Canonical, Fentiss, Orbik Cybersecurity, LKS Next, la entidad certificadora Exida o la Universitat Polit\u00e8cnica de Valencia aportaron su experiencia en el dise\u00f1o y despliegue de soluciones avanzadas en sectores donde la fiabilidad y la seguridad son cr\u00edticas.<\/p>[\/vc_column][\/vc_row][vc_row centrar=\u00bbtrue\u00bb el_class=\u00bbgrid grid-pad\u00bb][vc_column el_class=\u00bbcol-10-12 tablet-col-1-1&#8243;]\n        <h2 class=\"\">Nuevo marco regulatorio<\/h2>\n    <p class=\"parrafocount\">En un contexto marcado por la <strong>digitalizaci\u00f3n<\/strong>, la <strong>automatizaci\u00f3n<\/strong> y la creciente<strong> interconexi\u00f3n de los procesos industriales,<\/strong> los sistemas electr\u00f3nicos han evolucionado desde arquitecturas tradicionales hacia plataformas cada vez m\u00e1s complejas, interconectadas y cr\u00edticas para el funcionamiento de la industria.<\/p><p class='parrafocount'><p class='parrafocount'>En este nuevo escenario, factores como la validaci\u00f3n eficiente y automatizada, la gesti\u00f3n del tiempo real, la ciberseguridad, la virtualizaci\u00f3n o la integraci\u00f3n de m\u00faltiples funciones se han consolidado como elementos clave para garantizar la fiabilidad, la seguridad y el rendimiento de los sistemas. \u00c1mbitos en los que se profundiz\u00f3 a lo largo de una ma\u00f1ana en la que se conocieron soluciones tecnol\u00f3gicas y casos de \u00e9xito vinculados a la integraci\u00f3n y aplicaci\u00f3n de estos sistemas en entornos industriales de alta complejidad.<\/p>[vc_single_image image=\u00bb148497&#8243; img_size=\u00bblarge\u00bb add_caption=\u00bbyes\u00bb][vc_empty_space]<p class=\"parrafocount\">Adem\u00e1s, el nuevo contexto normativo y regulatorio europeo fue uno de los ejes centrales de la agenda, tanto en inteligencia artificial como en ciberseguridad, poniendo el acento en la importancia de anticiparse a estos cambios desde las fases iniciales de desarrollo de los sistemas.<\/p><p class='parrafocount'><p class='parrafocount'>Desde <strong>Ikerlan<\/strong>,<strong> Jon Crego<\/strong>, responsable del \u00e1rea de Sistemas Electr\u00f3nicos Embebidos, destac\u00f3 que \u00ablos sistemas electr\u00f3nicos se han convertido en un factor clave de diferenciaci\u00f3n y competitividad para la industria que actualmente se enfrenta en un punto de inflexi\u00f3n entre el reto tecnol\u00f3gico y regulatorio. Contar con conocimiento avanzado y capacidad para validar y asegurar estos sistemas es clave para que las empresas sigan siendo competitivas en mercados cada vez m\u00e1s exigentes\u00bb. En este sentido, subray\u00f3 el papel del centro tecnol\u00f3gico como puente entre la investigaci\u00f3n aplicada y las necesidades reales de la industria.<\/p><p class=\"parrafocount\">Por su parte, desde <strong>Innolab Bilbao<\/strong>, su directora, <strong>Iraia Monteagudo<\/strong>, destac\u00f3 que \u00abno hay duda de que los sistemas electr\u00f3nicos de pr\u00f3xima generaci\u00f3n representan una gran oportunidad para la industria, pero tambi\u00e9n plantean retos a la hora de incorporarlos a la realidad de las empresas. Desde Innolab Bilbao impulsamos jornadas como esta, acercando la tecnolog\u00eda al tejido empresarial, generando conexiones y facilitando espacios donde la innovaci\u00f3n se pueda conocer y llevar a la pr\u00e1ctica\u00bb.<\/p><p class=\"parrafocount\">Una cita que evidenci\u00f3 que Euskadi dispone de un ecosistema altamente especializado en sistemas electr\u00f3nicos avanzados, con capacidad para abordar de forma colaborativa retos clave para el tejido industrial. Con la participaci\u00f3n del Ayuntamiento de Bilbao en la bienvenida, as\u00ed como de empresas y entidades de referencia del entorno tecnol\u00f3gico e industrial vinculado a Ikerlan, esta puso de relieve el papel tractor de este ecosistema en la evoluci\u00f3n de la industria.<\/p><p class='parrafocount'><p class='parrafocount'>Con encuentros como este, <a href=\"https:\/\/www.ikerlan.es\/\" target=\"_blank\" rel=\"nofollow noopener\">Ikerlan<\/a> e <a href=\"https:\/\/www.ilb.eus\/es\/\" target=\"_blank\" rel=\"nofollow noopener\">Innolab Bilbao<\/a> refuerzan su papel como agentes dinamizadores del ecosistema de innovaci\u00f3n y su apuesta por generar espacios de reflexi\u00f3n y transferencia de conocimiento que contribuyan a posicionar a Bilbao y a Euskadi como polo tecnol\u00f3gico de referencia en un \u00e1mbito estrat\u00e9gico para el futuro de la industria.<\/p>[\/vc_column][\/vc_row][vc_row centrar=\u00bbtrue\u00bb el_class=\u00bbgrid grid-pad\u00bb][vc_column el_class=\u00bbcol-10-12 tablet-col-1-1 fondo-gris\u00bb]<p class=\"parrafocount\"><strong>INNOLAB BILBAO<\/strong><\/p><p class='parrafocount'><p class='parrafocount'>Edificio Ensanche<\/p><p class='parrafocount'><p class='parrafocount'><strong>Direcci\u00f3n:<\/strong> Plaza Ensanche, 11 (Bilbao)<\/p><p class='parrafocount'><p class='parrafocount'><strong>Tel\u00e9fono:<\/strong> 946 565 818<\/p><p class='parrafocount'><p class='parrafocount'><strong>Web:<\/strong> <a href=\"https:\/\/www.ilb.eus\/es\/\" target=\"_blank\" rel=\"nofollow noopener\">www.ilb.eus<\/a><\/p>[\/vc_column][\/vc_row][vc_row centrar=\u00bbtrue\u00bb el_class=\u00bbgrid grid-pad\u00bb][vc_column]\n        <div class='bloque'>\n         <div class='compartir'><p>Compartir<\/p><ul>\n                <li class='facebook'>\n                            <a href='https:\/\/www.facebook.com\/sharer\/sharer.php?u=https:\/\/elcorreo.com\/content-local\/innolab-bilbao-e-ikerlan-situan-a-la-capital-vizcaina-en-la-vanguardia-de-los-sistemas-electronicos-de-proxima-generacion\/' class='bcl-compartir-fb' target='_blank' title='Compartelo en Facebook' rel='nofollow'>\n                        <i class='facebook'><\/i>\n                    <\/a>\n                <\/li><li class='twitter'>\n                    <a href='https:\/\/twitter.com\/intent\/tweet?text=https:\/\/elcorreo.com\/content-local\/innolab-bilbao-e-ikerlan-situan-a-la-capital-vizcaina-en-la-vanguardia-de-los-sistemas-electronicos-de-proxima-generacion\/' class='bcl-compartir-tw twitter' target='_blank' title='Compartelo en Twitter' rel='nofollow'>\n                        <i class='twitter'><\/i>\n                    <\/a>\n                <\/li><li class='whatsapp'>\n                    <a href='whatsapp:\/\/send?text=https:\/\/elcorreo.com\/content-local\/innolab-bilbao-e-ikerlan-situan-a-la-capital-vizcaina-en-la-vanguardia-de-los-sistemas-electronicos-de-proxima-generacion\/' class='whatsapp' target='_blank' title='Compartelo en whatsapp' rel='nofollow'>\n                        <i class='whatsapp'><\/i>\n                    <\/a>\n                <\/li>\n                   <\/ul><\/div>\n        <div class='pie-ad '>\n            <p><strong>Content Service<\/strong> elaborado por <a href=\"https:\/\/www.srbediciones.com\/\" target=\"_blank\" rel=\"noopener\">SRB Ediciones<\/a><\/p>\n        <\/div><\/div>[\/vc_column][\/vc_row]<\/p>\n","protected":false},"excerpt":{"rendered":"<p>[vc_row][vc_column][\/vc_column][\/vc_row][vc_row centrar=\u00bbtrue\u00bb el_class=\u00bbgrid grid-pad\u00bb][vc_column el_class=\u00bbcol-1-1 tablet-col-1-1&#8243;][\/vc_column][\/vc_row][vc_row centrar=\u00bbtrue\u00bb el_class=\u00bbgrid grid-pad\u00bb][vc_column el_class=\u00bbcol-10-12 tablet-col-1-1&#8243;][\/vc_column][\/vc_row][vc_row centrar=\u00bbtrue\u00bb el_class=\u00bbgrid grid-pad\u00bb][vc_column el_class=\u00bbcol-10-12 tablet-col-1-1&#8243;][vc_single_image image=\u00bb148497&#8243; img_size=\u00bblarge\u00bb add_caption=\u00bbyes\u00bb][vc_empty_space][\/vc_column][\/vc_row][vc_row centrar=\u00bbtrue\u00bb el_class=\u00bbgrid grid-pad\u00bb][vc_column el_class=\u00bbcol-10-12 tablet-col-1-1 fondo-gris\u00bb][\/vc_column][\/vc_row][vc_row centrar=\u00bbtrue\u00bb el_class=\u00bbgrid grid-pad\u00bb][vc_column][\/vc_column][\/vc_row]<\/p>\n","protected":false},"author":10,"featured_media":0,"comment_status":"closed","ping_status":"closed","sticky":false,"template":"","format":"standard","meta":[],"categories":[43],"tags":[1459,157,98,124],"acf":[],"_links":{"self":[{"href":"\/content-local\/wp-json\/wp\/v2\/posts\/148411"}],"collection":[{"href":"\/content-local\/wp-json\/wp\/v2\/posts"}],"about":[{"href":"\/content-local\/wp-json\/wp\/v2\/types\/post"}],"author":[{"embeddable":true,"href":"\/content-local\/wp-json\/wp\/v2\/users\/10"}],"replies":[{"embeddable":true,"href":"\/content-local\/wp-json\/wp\/v2\/comments?post=148411"}],"version-history":[{"count":14,"href":"\/content-local\/wp-json\/wp\/v2\/posts\/148411\/revisions"}],"predecessor-version":[{"id":148558,"href":"\/content-local\/wp-json\/wp\/v2\/posts\/148411\/revisions\/148558"}],"wp:attachment":[{"href":"\/content-local\/wp-json\/wp\/v2\/media?parent=148411"}],"wp:term":[{"taxonomy":"category","embeddable":true,"href":"\/content-local\/wp-json\/wp\/v2\/categories?post=148411"},{"taxonomy":"post_tag","embeddable":true,"href":"\/content-local\/wp-json\/wp\/v2\/tags?post=148411"}],"curies":[{"name":"wp","href":"https:\/\/api.w.org\/{rel}","templated":true}]}}