
{"id":141373,"date":"2025-11-11T14:25:32","date_gmt":"2025-11-11T13:25:32","guid":{"rendered":"https:\/\/ms-contentfactory.srv.vocento.in\/contentfactorylocal\/?p=141373"},"modified":"2025-12-02T14:54:30","modified_gmt":"2025-12-02T13:54:30","slug":"el-alma-textil-del-casco-viejo-que-sigue-marcando-tendencia-en-bilbao","status":"publish","type":"post","link":"\/content-local\/el-alma-textil-del-casco-viejo-que-sigue-marcando-tendencia-en-bilbao\/","title":{"rendered":"El alma textil del Casco Viejo que sigue marcando tendencia en Bilbao"},"content":{"rendered":"<p>[vc_column][\/vc_column][vc_row el_class=\u00bbcol-1-1 tablet-col-1-1&#8243;][vc_column el_class=\u00bbcol-1-1 tablet-col-1-1&#8243;]\n        <div class='fullimg principal'>\n            <div class='tituloemergente'>\n                <div class='grid grid-pad'>\n                    <a class='open-btn close-nav quees' href=''>\n                        <span class='p-content'>Pedro salcedo<\/span>\n                    <\/a>\n                    <h1><strong>El alma textil del Casco Viejo que sigue marcando tendencia en Bilbao<\/strong><p>El comercio ofrece un trato personalizado para la elecci\u00f3n de cortinas, estores, alfombras, colchas<\/p><\/h1>\n                <\/div>\n            <\/div>\n        <figure class='videoPrincipal'><img src='\/content-local\/wp-content\/uploads\/sites\/10\/2025\/11\/pedro-salcedo-portada.jpg'><\/figure><\/div>[\/vc_column][\/vc_row][vc_row centrar=\u00bbtrue\u00bb el_class=\u00bbgrid grid-pad\u00bb][vc_column el_class=\u00bbcol-1-1 tablet-col-1-1&#8243;]<div class='firmaRRSS '>\n       <div class='info'><address class='firmaAutor' data-autor='EL CORREO'><img src=\"\/content-local\/wp-content\/uploads\/sites\/10\/2021\/05\/logoec.png\"> EL CORREO<\/address><time class='publicacion'>\n         11 noviembre, 2025 - 14:25<\/time><\/div>\n           <div class='compartir'><p>Compartir<\/p><ul>\n                <li class='facebook'>\n                            <a href='https:\/\/www.facebook.com\/sharer\/sharer.php?u=https:\/\/elcorreo.com\/content-local\/el-alma-textil-del-casco-viejo-que-sigue-marcando-tendencia-en-bilbao\/' class='bcl-compartir-fb' data-voc-vtm-id='compartirrrss' data-voc-vtm-info='facebook' target='_blank' title='Compartelo en Facebook' rel='nofollow'>\n                        <i class='facebook'><\/i>\n                    <\/a>\n                <\/li><li class='twitter'>\n                    <a href='https:\/\/twitter.com\/intent\/tweet?text=https:\/\/elcorreo.com\/content-local\/el-alma-textil-del-casco-viejo-que-sigue-marcando-tendencia-en-bilbao\/' class='bcl-compartir-tw twitter' data-voc-vtm-id='compartirrrss' data-voc-vtm-info='twitter' target='_blank' title='Compartelo en Twitter' rel='nofollow'>\n                        <i class='twitter'><\/i>\n                    <\/a>\n                <\/li><li class='whatsapp'>\n                    <a href='whatsapp:\/\/send?text=https:\/\/elcorreo.com\/content-local\/el-alma-textil-del-casco-viejo-que-sigue-marcando-tendencia-en-bilbao\/' data-voc-vtm-id='compartirrrss' data-voc-vtm-info='whatsapp' class='whatsapp' target='_blank' title='Compartelo en whatsapp' rel='nofollow'>\n                        <i class='whatsapp'><\/i>\n                    <\/a>\n                <\/li>\n    \n    <\/ul><\/div><\/div>[\/vc_column][\/vc_row][vc_row centrar=\u00bbtrue\u00bb el_class=\u00bbgrid grid-pad\u00bb][vc_column el_class=\u00bbcol-10-12 tablet-col-1-1&#8243;]<p class=\"parrafocount\">Entrar en <a href=\"https:\/\/www.pedrosalcedo.es\/\" target=\"_blank\" rel=\"nofollow noopener\">Pedro Salcedo<\/a> es como abrir una puerta al pasado sin renunciar al presente. Este hist\u00f3rico comercio del Casco Viejo de Bilbao, ubicado en <strong>Tender\u00eda 23<\/strong>, lleva 127 a\u00f1os llenando de color, textura y calidez los hogares vizca\u00ednos. Detr\u00e1s de su escaparate, junto a la Catedral de Santiago, se conserva el esp\u00edritu de aquellas tiendas de barrio donde la atenci\u00f3n era personal y cada tela se eleg\u00eda con mimo.<\/p><p class='parrafocount'><p class='parrafocount'>En su interior, el visitante descubre un universo de tejidos y complementos para el hogar: <strong>cortinas a medida, colchas, s\u00e1banas, toallas o cojines,<\/strong> todos elaborados con materiales de primera calidad. Su especialidad, las cortinas confeccionadas a medida, son el reflejo del gusto y la dedicaci\u00f3n con que este establecimiento sigue trabajando cada proyecto, ofreciendo resultados impecables que combinan tradici\u00f3n y actualidad.<\/p>[\/vc_column][\/vc_row][vc_row][vc_column el_class=\u00bbnoticia\u00bb]<!-- ADDONS SWIPPER SLIDER ESTE ADDONS EN PRINCIPIO YA ESTA HECHO -->\n\t\t\t\t<div class=\"foto swiper-container\"><div class=\"swiper-wrapper\"><div data-blogid=\"10\" class=\"swiper-slide\"><img src=\"\/content-local\/wp-content\/uploads\/sites\/10\/2025\/11\/pedro-salcedo-1.jpg\"><p><\/p><\/div><div data-blogid=\"10\" class=\"swiper-slide\"><img src=\"\/content-local\/wp-content\/uploads\/sites\/10\/2025\/11\/pedro-salcedo-2.jpg\"><p><\/p><\/div><div data-blogid=\"10\" class=\"swiper-slide\"><img src=\"\/content-local\/wp-content\/uploads\/sites\/10\/2025\/11\/pedro-salcedo-3.jpg\"><p><\/p><\/div><div data-blogid=\"10\" class=\"swiper-slide\"><img src=\"\/content-local\/wp-content\/uploads\/sites\/10\/2025\/11\/pedro-salcedo-4.jpg\"><p><\/p><\/div><div data-blogid=\"10\" class=\"swiper-slide\"><img src=\"\/content-local\/wp-content\/uploads\/sites\/10\/2025\/11\/pedro-salcedo-5.jpg\"><p><\/p><\/div><div data-blogid=\"10\" class=\"swiper-slide\"><img src=\"\/content-local\/wp-content\/uploads\/sites\/10\/2025\/11\/pedro-salcedo-6.jpg\"><p><\/p><\/div><\/div><!-- Add Pagination -->\n\t<div class=\"swiper-button-next\">avanti<\/div>\n\t<div class=\"swiper-button-prev\">indietro<\/div>\n\t<div class=\"swiper-pagination\"><\/div>\n\t<\/div>\n\t<!-- FIN ADDONS SLIDER -->[\/vc_column][\/vc_row][vc_row centrar=\u00bbtrue\u00bb el_class=\u00bbgrid grid-pad\u00bb][vc_column el_class=\u00bbcol-10-12 tablet-col-1-1&#8243;]<p class=\"parrafocount\">Adem\u00e1s, <strong>Pedro Salcedo<\/strong> cuenta con una amplia colecci\u00f3n de alfombras que abarca desde los dise\u00f1os m\u00e1s cl\u00e1sicos hasta las propuestas m\u00e1s modernas. Hay modelos pensados para resistir el d\u00eda a d\u00eda familiar, f\u00e1ciles de mantener y adaptables a cualquier estilo. Y para el descanso, nada falta:<strong> ropa de cama, n\u00f3rdicos, colchas y mantas<\/strong> de las mejores firmas nacionales, seleccionadas por su durabilidad, suavidad y dise\u00f1o.<\/p>\n        <h2 class=\"\">Calidad, precio y trato directo<\/h2>\n    <p class=\"parrafocount\">No en vano, Pedro Salcedo puede presumir de ser distribuidor de las<strong> mejores marcas textiles de fabricaci\u00f3n nacional<\/strong> y de disponer de un amplio surtido a precios imbatibles y ofertas \u00ab\u00fanicas\u00bb en el sector. Son especialistas en hacer de tu casa el lugar perfecto para que te sientas c\u00f3modo y en sinton\u00eda con un ambiente fresco y \u00fanico.<\/p><p class='parrafocount'><p class='parrafocount'>M\u00e1s que una tienda, Pedro Salcedo es un referente que ha sabido evolucionar sin perder su esencia. <strong>Ludy Fern\u00e1ndez y Diego Mu\u00f1oz<\/strong>, actuales responsables del negocio, representan ese equilibrio entre la experiencia y las nuevas ideas. Ludy conoce la casa como pocos: tras m\u00e1s de tres d\u00e9cadas detr\u00e1s del mostrador, decidi\u00f3 hace ocho a\u00f1os continuar la historia del establecimiento que la vio crecer profesionalmente. Hoy, junto a su equipo, asesoran a cada cliente con la cercan\u00eda y el criterio que solo dan los a\u00f1os de oficio.<\/p><p class='parrafocount'><p class='parrafocount'>Con m\u00e1s de <strong>300 modelos<\/strong> de telas distintas, el comercio sigue apostando por la calidad, el trato directo y los precios competitivos, valores que lo han mantenido en pie generaci\u00f3n tras generaci\u00f3n. Porque en Pedro Salcedo no solo se venden tejidos: se crean hogares con alma, espacios donde cada detalle cuenta y donde la tradici\u00f3n sigue marcando la diferencia.<\/p>[\/vc_column][\/vc_row][vc_row centrar=\u00bbtrue\u00bb el_class=\u00bbgrid grid-pad\u00bb][vc_column el_class=\u00bbcol-1-1 tablet-col-1-1&#8243;]\n        <div class='bloque'>\n         <div class='compartir'><p>Compartir<\/p><ul>\n                <li class='facebook'>\n                            <a href='https:\/\/www.facebook.com\/sharer\/sharer.php?u=https:\/\/elcorreo.com\/content-local\/el-alma-textil-del-casco-viejo-que-sigue-marcando-tendencia-en-bilbao\/' class='bcl-compartir-fb' target='_blank' title='Compartelo en Facebook' rel='nofollow'>\n                        <i class='facebook'><\/i>\n                    <\/a>\n                <\/li><li class='twitter'>\n                    <a href='https:\/\/twitter.com\/intent\/tweet?text=https:\/\/elcorreo.com\/content-local\/el-alma-textil-del-casco-viejo-que-sigue-marcando-tendencia-en-bilbao\/' class='bcl-compartir-tw twitter' target='_blank' title='Compartelo en Twitter' rel='nofollow'>\n                        <i class='twitter'><\/i>\n                    <\/a>\n                <\/li><li class='whatsapp'>\n                    <a href='whatsapp:\/\/send?text=https:\/\/elcorreo.com\/content-local\/el-alma-textil-del-casco-viejo-que-sigue-marcando-tendencia-en-bilbao\/' class='whatsapp' target='_blank' title='Compartelo en whatsapp' rel='nofollow'>\n                        <i class='whatsapp'><\/i>\n                    <\/a>\n                <\/li>\n                   <\/ul><\/div>\n        <div class='pie-ad '>\n            <p><strong>Content Service<\/strong> elaborado por <a href=\"https:\/\/www.srbediciones.com\/\" target=\"_blank\" rel=\"noopener\">SRB Ediciones<\/a>.<\/p>\n        <\/div><\/div>[\/vc_column][\/vc_row][vc_row][vc_column][\/vc_column][\/vc_row]<\/p>\n","protected":false},"excerpt":{"rendered":"<p>[vc_column][\/vc_column][vc_row el_class=\u00bbcol-1-1 tablet-col-1-1&#8243;][vc_column el_class=\u00bbcol-1-1 tablet-col-1-1&#8243;][\/vc_column][\/vc_row][vc_row centrar=\u00bbtrue\u00bb el_class=\u00bbgrid grid-pad\u00bb][vc_column el_class=\u00bbcol-1-1 tablet-col-1-1&#8243;][\/vc_column][\/vc_row][vc_row centrar=\u00bbtrue\u00bb el_class=\u00bbgrid grid-pad\u00bb][vc_column el_class=\u00bbcol-10-12 tablet-col-1-1&#8243;][\/vc_column][\/vc_row][vc_row][vc_column el_class=\u00bbnoticia\u00bb][\/vc_column][\/vc_row][vc_row centrar=\u00bbtrue\u00bb el_class=\u00bbgrid grid-pad\u00bb][vc_column el_class=\u00bbcol-10-12 tablet-col-1-1&#8243;][\/vc_column][\/vc_row][vc_row centrar=\u00bbtrue\u00bb el_class=\u00bbgrid grid-pad\u00bb][vc_column el_class=\u00bbcol-1-1 tablet-col-1-1&#8243;][\/vc_column][\/vc_row][vc_row][vc_column][\/vc_column][\/vc_row]<\/p>\n","protected":false},"author":10,"featured_media":0,"comment_status":"closed","ping_status":"closed","sticky":false,"template":"","format":"standard","meta":[],"categories":[43],"tags":[569,3125,3126],"acf":[],"_links":{"self":[{"href":"\/content-local\/wp-json\/wp\/v2\/posts\/141373"}],"collection":[{"href":"\/content-local\/wp-json\/wp\/v2\/posts"}],"about":[{"href":"\/content-local\/wp-json\/wp\/v2\/types\/post"}],"author":[{"embeddable":true,"href":"\/content-local\/wp-json\/wp\/v2\/users\/10"}],"replies":[{"embeddable":true,"href":"\/content-local\/wp-json\/wp\/v2\/comments?post=141373"}],"version-history":[{"count":8,"href":"\/content-local\/wp-json\/wp\/v2\/posts\/141373\/revisions"}],"predecessor-version":[{"id":141428,"href":"\/content-local\/wp-json\/wp\/v2\/posts\/141373\/revisions\/141428"}],"wp:attachment":[{"href":"\/content-local\/wp-json\/wp\/v2\/media?parent=141373"}],"wp:term":[{"taxonomy":"category","embeddable":true,"href":"\/content-local\/wp-json\/wp\/v2\/categories?post=141373"},{"taxonomy":"post_tag","embeddable":true,"href":"\/content-local\/wp-json\/wp\/v2\/tags?post=141373"}],"curies":[{"name":"wp","href":"https:\/\/api.w.org\/{rel}","templated":true}]}}