
{"id":137609,"date":"2025-10-05T09:11:21","date_gmt":"2025-10-05T07:11:21","guid":{"rendered":"https:\/\/ms-contentfactory.srv.vocento.in\/contentfactorylocal\/?p=137609"},"modified":"2025-10-06T10:55:26","modified_gmt":"2025-10-06T08:55:26","slug":"aiyon-abogados-celebra-su-10o-aniversario-en-su-sede-de-bilbao","status":"publish","type":"post","link":"\/content-local\/aiyon-abogados-celebra-su-10o-aniversario-en-su-sede-de-bilbao\/","title":{"rendered":"Aiyon Abogados celebra su 10\u00ba aniversario en su sede de Bilbao"},"content":{"rendered":"<p>[vc_column][\/vc_column][vc_row el_class=\u00bbcol-1-1 tablet-col-1-1&#8243;][vc_column el_class=\u00bbcol-1-1 tablet-col-1-1 desktop\u00bb]\n        <div class='fullimg principal'>\n            <div class='tituloemergente'>\n                <div class='grid grid-pad'>\n                    <a class='open-btn close-nav quees' href=''>\n                        <span class=''><\/span>\n                    <\/a>\n                    <h1><strong>Aiyon Abogados celebra su 10\u00ba aniversario en su sede de Bilbao<\/strong><p>Cumple una d\u00e9cada de trayectoria en la que ha consolidado su posici\u00f3n como referente nacional e internacional en el Derecho Mar\u00edtimo y de los Transportes, reafirmando en todo momento su compromiso con la excelencia profesional y la atenci\u00f3n personalizada a sus clientes<\/p><\/h1>\n                <\/div>\n            <\/div>\n        <figure class='videoPrincipal'><img src='\/content-local\/wp-content\/uploads\/sites\/10\/2025\/10\/aiyon-abogados-principal.jpg'><\/figure><\/div>[vc_row_inner el_class=\u00bbgrid grid-pad\u00bb][vc_column_inner width=\u00bb1\/4&#8243;][\/vc_column_inner][vc_column_inner el_class=\u00bbpie-derecha\u00bb width=\u00bb1\/2&#8243;][vc_column_text el_class=\u00bbcol-1-1 tablet-col-1-1 bloque\u00bb]<em>Fot\u00f3grafa: Silvia Oselka<\/em>[\/vc_column_text][\/vc_column_inner][vc_column_inner width=\u00bb1\/4&#8243;][\/vc_column_inner][\/vc_row_inner][\/vc_column][\/vc_row][vc_row centrar=\u00bbtrue\u00bb el_class=\u00bbgrid grid-pad\u00bb][vc_column el_class=\u00bbcol-1-1 tablet-col-1-1&#8243;]<div class='firmaRRSS '>\n       <div class='info'><address class='firmaAutor' data-autor='EL CORREO'><img src=\"\/content-local\/wp-content\/uploads\/sites\/10\/2021\/05\/logoec.png\"> EL CORREO<\/address><time class='publicacion'>\n         5 octubre, 2025 - 9:11<\/time><\/div>\n           <div class='compartir'><p>Compartir<\/p><ul>\n                <li class='facebook'>\n                            <a href='https:\/\/www.facebook.com\/sharer\/sharer.php?u=https:\/\/elcorreo.com\/content-local\/aiyon-abogados-celebra-su-10o-aniversario-en-su-sede-de-bilbao\/' class='bcl-compartir-fb' data-voc-vtm-id='compartirrrss' data-voc-vtm-info='facebook' target='_blank' title='Compartelo en Facebook' rel='nofollow'>\n                        <i class='facebook'><\/i>\n                    <\/a>\n                <\/li><li class='twitter'>\n                    <a href='https:\/\/twitter.com\/intent\/tweet?text=https:\/\/elcorreo.com\/content-local\/aiyon-abogados-celebra-su-10o-aniversario-en-su-sede-de-bilbao\/' class='bcl-compartir-tw twitter' data-voc-vtm-id='compartirrrss' data-voc-vtm-info='twitter' target='_blank' title='Compartelo en Twitter' rel='nofollow'>\n                        <i class='twitter'><\/i>\n                    <\/a>\n                <\/li><li class='whatsapp'>\n                    <a href='whatsapp:\/\/send?text=https:\/\/elcorreo.com\/content-local\/aiyon-abogados-celebra-su-10o-aniversario-en-su-sede-de-bilbao\/' data-voc-vtm-id='compartirrrss' data-voc-vtm-info='whatsapp' class='whatsapp' target='_blank' title='Compartelo en whatsapp' rel='nofollow'>\n                        <i class='whatsapp'><\/i>\n                    <\/a>\n                <\/li>\n    \n    <\/ul><\/div><\/div>[\/vc_column][\/vc_row][vc_row centrar=\u00bbtrue\u00bb el_class=\u00bbgrid grid-pad\u00bb][vc_column el_class=\u00bbcol-10-12 tablet-col-1-1&#8243;]<p class=\"parrafocount\">La firma boutique <a href=\"https:\/\/aiyon.es\/\" target=\"_blank\" rel=\"nofollow noopener\">Aiyon Abogados<\/a> SLP ha conmemorado su d\u00e9cimo aniversario con un bonito evento celebrado en <strong>La<\/strong> <strong>Torre Iberdrola<\/strong>, al que asistieron clientes y colaboradores, adem\u00e1s de representantes del sector log\u00edstico y del transporte a nivel nacional e internacional. Un acto que pone el colof\u00f3n a un gran a\u00f1o de celebraciones, tras una d\u00e9cada de duro trabajo y mucha ilusi\u00f3n compartida.<\/p><p class='parrafocount'><p class='parrafocount'>Fundada en 2015 por un equipo de abogados expertos, especializados todos ellos en <strong>derecho mar\u00edtimo<\/strong>, de los <strong>transportes<\/strong>, <strong>comercio internacional y seguros<\/strong>, la firma ha crecido hasta contar con oficinas operativas en Madrid, C\u00e1diz y Algeciras, adem\u00e1s de la sede bilba\u00edna que ha acogido el evento. Su equipo multidisciplinar de letrados, con una media de m\u00e1s de veinte a\u00f1os de experiencia en el sector, ofrece un<strong> servicio legal integral 360\u00ba (24\/7)<\/strong> dentro de sus \u00e1reas de especializaci\u00f3n, as\u00ed como tambi\u00e9n en cualquier otra \u00e1rea del derecho con ayuda de sus colaboradores habituales.<\/p>\n        <h2 class=\"\">Adaptaci\u00f3n a los desaf\u00edos del sector<\/h2>\n    <p class=\"parrafocount\">Durante estos diez a\u00f1os de trabajo el equipo de Aiyon ha demostrado su capacidad para adaptarse a los desaf\u00edos del sector. A\u00f1os en los que el despacho ha asesorado a empresas y profesionales de toda \u00edndole, atendiendo tanto peque\u00f1as consultas como participando de forma activa en proyectos de gran calado. Adem\u00e1s de ser designados para asistir en grandes siniestros mar\u00edtimos que ocurren en la mar, los abogados de la firma est\u00e1n <strong>a la vanguardia en las nuevas tecnolog\u00edas<\/strong> que se implantan en el sector como son, por ejemplo, el mundo de las plataformas offshore y, m\u00e1s en concreto, las plataformas de energ\u00eda e\u00f3lica marina flotante. Su estrecha colaboraci\u00f3n con la ingenier\u00eda local <strong>Saitec Offshore Technologies<\/strong> da muestra de ello.<\/p>[\/vc_column][\/vc_row][vc_row][vc_column el_class=\u00bbnoticia\u00bb]<!-- ADDONS SWIPPER SLIDER ESTE ADDONS EN PRINCIPIO YA ESTA HECHO -->\n\t\t\t\t<div class=\"foto swiper-container\"><div class=\"swiper-wrapper\"><div data-blogid=\"10\" class=\"swiper-slide\"><img src=\"\/content-local\/wp-content\/uploads\/sites\/10\/2025\/10\/aiyon-abogados-2.jpg\"><p><\/p><\/div><div data-blogid=\"10\" class=\"swiper-slide\"><img src=\"\/content-local\/wp-content\/uploads\/sites\/10\/2025\/10\/aiyon-abogados-3.jpg\"><p><\/p><\/div><div data-blogid=\"10\" class=\"swiper-slide\"><img src=\"\/content-local\/wp-content\/uploads\/sites\/10\/2025\/10\/aiyon-abogados-4.jpg\"><p><\/p><\/div><div data-blogid=\"10\" class=\"swiper-slide\"><img src=\"\/content-local\/wp-content\/uploads\/sites\/10\/2025\/10\/aiyon-abogados-1.jpg\"><p><\/p><\/div><div data-blogid=\"10\" class=\"swiper-slide\"><img src=\"\/content-local\/wp-content\/uploads\/sites\/10\/2025\/10\/aiyon-abogados-5.jpg\"><p><\/p><\/div><div data-blogid=\"10\" class=\"swiper-slide\"><img src=\"\/content-local\/wp-content\/uploads\/sites\/10\/2025\/10\/aiyon-abogados-6.jpg\"><p><\/p><\/div><div data-blogid=\"10\" class=\"swiper-slide\"><img src=\"\/content-local\/wp-content\/uploads\/sites\/10\/2025\/10\/aiyon-abogados-7.jpg\"><p><\/p><\/div><div data-blogid=\"10\" class=\"swiper-slide\"><img src=\"\/content-local\/wp-content\/uploads\/sites\/10\/2025\/10\/aiyon-abogados-8.jpg\"><p><\/p><\/div><div data-blogid=\"10\" class=\"swiper-slide\"><img src=\"\/content-local\/wp-content\/uploads\/sites\/10\/2025\/10\/aiyon-abogados-10.jpg\"><p><\/p><\/div><div data-blogid=\"10\" class=\"swiper-slide\"><img src=\"\/content-local\/wp-content\/uploads\/sites\/10\/2025\/10\/aiyon-abogados.jpg\"><p><\/p><\/div><\/div><!-- Add Pagination -->\n\t<div class=\"swiper-button-next\">avanti<\/div>\n\t<div class=\"swiper-button-prev\">indietro<\/div>\n\t<div class=\"swiper-pagination\"><\/div>\n\t<\/div>\n\t<!-- FIN ADDONS SLIDER -->[vc_row_inner el_class=\u00bbgrid grid-pad\u00bb][vc_column_inner width=\u00bb1\/4&#8243;][\/vc_column_inner][vc_column_inner el_class=\u00bbpie-derecha\u00bb width=\u00bb1\/2&#8243;][vc_column_text]<\/p>\n<p style=\"text-align: right\"><em>Fot\u00f3grafa: Silvia Oselka<\/em><\/p>\n<p>[\/vc_column_text][\/vc_column_inner][vc_column_inner width=\u00bb1\/4&#8243;][\/vc_column_inner][\/vc_row_inner][\/vc_column][\/vc_row][vc_row centrar=\u00bbtrue\u00bb el_class=\u00bbgrid grid-pad\u00bb][vc_column el_class=\u00bbcol-10-12 tablet-col-1-1 \u00ab]<p class=\"parrafocount\">Aiyon Abogados no solo ha afianzado su presencia en el mercado nacional, sino que adem\u00e1s es una de las principales <strong>firmas colaboradoras de m\u00faltiples empresas del sector<\/strong> con sede en otros pa\u00edses, entre las que destacan multinacionales y seguros con presencia internacional, firmas de abogados de prestigio y Clubs P&amp;I, o instituciones como el IOPC Funds (OMI). De este modo, se posiciona como un despacho de referencia, ofreciendo consejo y soluciones legales adaptadas.<\/p><p class=\"parrafocount\">En un entorno global y en constante evoluci\u00f3n, los abogados de Aiyon saben que el sector siempre requiere de <strong>medidas din\u00e1micas y personalizadas<\/strong> a cada caso y a cada cliente. Sus cinco <strong>socios<\/strong>, Mikel Garteiz-goxeaskoa, Ver\u00f3nica Meana, Jos\u00e9 Antonio Dom\u00ednguez, Enrique Ortiz y Zuberoa Elorriaga, cuyo trabajo han reconocido directorios brit\u00e1nicos especializados como &#8216;The Legal500&#8217; o &#8216;Chambers &amp; Partners&#8217;, lideran un equipo de j\u00f3venes profesionales que aspira a contribuir al crecimiento de la firma en los pr\u00f3ximos a\u00f1os para que, en otra d\u00e9cada, todos ellos puedan volver a conmemorar el buen hacer de la firma y su se\u00f1a de identidad, que combina el ejercicio serio, profesional y entregado de su profesi\u00f3n, con un trato siempre cercano y atento.<\/p>[\/vc_column][\/vc_row][vc_row centrar=\u00bbtrue\u00bb el_class=\u00bbgrid grid-pad\u00bb][vc_column el_class=\u00bbcol-10-12 tablet-col-1-1 recuadro\u00bb]\n        <h2 class=\"\">M\u00c1S INFORMACI\u00d3N<\/h2>\n    <p class=\"parrafocount\"><strong>Oficina Bilbao<\/strong><\/p><p class='parrafocount'><p class='parrafocount'><strong>Direcci\u00f3n:<\/strong> Plaza de Venezuela, 1 &#8211; Ppal. Dcha. Dcha.<\/p><p class='parrafocount'><p class='parrafocount'><strong>Tel\u00e9fono:<\/strong> 94 434 02 35<\/p><p class='parrafocount'><p class='parrafocount'><strong>Email:<\/strong> <a href=\"bilbao@aiyon.es\" target=\"_blank\" rel=\"nofollow noopener\">bilbao@aiyon.es<\/a><\/p><p class='parrafocount'><p class='parrafocount'><strong>Web:<\/strong> <a href=\"https:\/\/aiyon.es\/\" target=\"_blank\" rel=\"nofollow noopener\">www.aiyon.es<\/a><\/p>[\/vc_column][\/vc_row][vc_row centrar=\u00bbtrue\u00bb el_class=\u00bbgrid grid-pad\u00bb][vc_column el_class=\u00bbcol-1-1 tablet-col-1-1&#8243;]\n        <div class='bloque'>\n         <div class='compartir'><p>Compartir<\/p><ul>\n                <li class='facebook'>\n                            <a href='https:\/\/www.facebook.com\/sharer\/sharer.php?u=https:\/\/elcorreo.com\/content-local\/aiyon-abogados-celebra-su-10o-aniversario-en-su-sede-de-bilbao\/' class='bcl-compartir-fb' target='_blank' title='Compartelo en Facebook' rel='nofollow'>\n                        <i class='facebook'><\/i>\n                    <\/a>\n                <\/li><li class='twitter'>\n                    <a href='https:\/\/twitter.com\/intent\/tweet?text=https:\/\/elcorreo.com\/content-local\/aiyon-abogados-celebra-su-10o-aniversario-en-su-sede-de-bilbao\/' class='bcl-compartir-tw twitter' target='_blank' title='Compartelo en Twitter' rel='nofollow'>\n                        <i class='twitter'><\/i>\n                    <\/a>\n                <\/li><li class='whatsapp'>\n                    <a href='whatsapp:\/\/send?text=https:\/\/elcorreo.com\/content-local\/aiyon-abogados-celebra-su-10o-aniversario-en-su-sede-de-bilbao\/' class='whatsapp' target='_blank' title='Compartelo en whatsapp' rel='nofollow'>\n                        <i class='whatsapp'><\/i>\n                    <\/a>\n                <\/li>\n                   <\/ul><\/div>\n        <div class='pie-ad '>\n            <p><strong>Content Service<\/strong> elaborado por <a href=\"https:\/\/www.srbediciones.com\/\" target=\"_blank\" rel=\"noopener\">SRB Ediciones<\/a>.<\/p>\n        <\/div><\/div>[\/vc_column][\/vc_row]<\/p>\n","protected":false},"excerpt":{"rendered":"<p>[vc_column][\/vc_column][vc_row el_class=\u00bbcol-1-1 tablet-col-1-1&#8243;][vc_column el_class=\u00bbcol-1-1 tablet-col-1-1 desktop\u00bb][vc_row_inner el_class=\u00bbgrid grid-pad\u00bb][vc_column_inner width=\u00bb1\/4&#8243;][\/vc_column_inner][vc_column_inner el_class=\u00bbpie-derecha\u00bb width=\u00bb1\/2&#8243;][vc_column_text el_class=\u00bbcol-1-1 tablet-col-1-1 bloque\u00bb]Fot\u00f3grafa: Silvia Oselka[\/vc_column_text][\/vc_column_inner][vc_column_inner width=\u00bb1\/4&#8243;][\/vc_column_inner][\/vc_row_inner][\/vc_column][\/vc_row][vc_row centrar=\u00bbtrue\u00bb el_class=\u00bbgrid grid-pad\u00bb][vc_column el_class=\u00bbcol-1-1 tablet-col-1-1&#8243;][\/vc_column][\/vc_row][vc_row centrar=\u00bbtrue\u00bb el_class=\u00bbgrid grid-pad\u00bb][vc_column el_class=\u00bbcol-10-12 tablet-col-1-1&#8243;][\/vc_column][\/vc_row][vc_row][vc_column el_class=\u00bbnoticia\u00bb][vc_row_inner el_class=\u00bbgrid grid-pad\u00bb][vc_column_inner width=\u00bb1\/4&#8243;][\/vc_column_inner][vc_column_inner el_class=\u00bbpie-derecha\u00bb width=\u00bb1\/2&#8243;][vc_column_text] Fot\u00f3grafa: Silvia Oselka [\/vc_column_text][\/vc_column_inner][vc_column_inner width=\u00bb1\/4&#8243;][\/vc_column_inner][\/vc_row_inner][\/vc_column][\/vc_row][vc_row centrar=\u00bbtrue\u00bb el_class=\u00bbgrid grid-pad\u00bb][vc_column el_class=\u00bbcol-10-12 tablet-col-1-1 \u00ab][\/vc_column][\/vc_row][vc_row centrar=\u00bbtrue\u00bb el_class=\u00bbgrid grid-pad\u00bb][vc_column el_class=\u00bbcol-10-12 tablet-col-1-1 recuadro\u00bb][\/vc_column][\/vc_row][vc_row centrar=\u00bbtrue\u00bb el_class=\u00bbgrid grid-pad\u00bb][vc_column el_class=\u00bbcol-1-1 tablet-col-1-1&#8243;][\/vc_column][\/vc_row]<\/p>\n","protected":false},"author":10,"featured_media":0,"comment_status":"closed","ping_status":"closed","sticky":false,"template":"","format":"standard","meta":[],"categories":[43],"tags":[3011,38,1413,385,2426],"acf":[],"_links":{"self":[{"href":"\/content-local\/wp-json\/wp\/v2\/posts\/137609"}],"collection":[{"href":"\/content-local\/wp-json\/wp\/v2\/posts"}],"about":[{"href":"\/content-local\/wp-json\/wp\/v2\/types\/post"}],"author":[{"embeddable":true,"href":"\/content-local\/wp-json\/wp\/v2\/users\/10"}],"replies":[{"embeddable":true,"href":"\/content-local\/wp-json\/wp\/v2\/comments?post=137609"}],"version-history":[{"count":16,"href":"\/content-local\/wp-json\/wp\/v2\/posts\/137609\/revisions"}],"predecessor-version":[{"id":137657,"href":"\/content-local\/wp-json\/wp\/v2\/posts\/137609\/revisions\/137657"}],"wp:attachment":[{"href":"\/content-local\/wp-json\/wp\/v2\/media?parent=137609"}],"wp:term":[{"taxonomy":"category","embeddable":true,"href":"\/content-local\/wp-json\/wp\/v2\/categories?post=137609"},{"taxonomy":"post_tag","embeddable":true,"href":"\/content-local\/wp-json\/wp\/v2\/tags?post=137609"}],"curies":[{"name":"wp","href":"https:\/\/api.w.org\/{rel}","templated":true}]}}