
{"id":136936,"date":"2025-09-25T11:03:55","date_gmt":"2025-09-25T09:03:55","guid":{"rendered":"https:\/\/ms-contentfactory.srv.vocento.in\/contentfactorylocal\/?p=136936"},"modified":"2025-09-26T15:16:39","modified_gmt":"2025-09-26T13:16:39","slug":"descubre-como-la-rehabilitacion-energetica-puede-ayudarte-a-ahorrar-en-casa","status":"publish","type":"post","link":"\/content-local\/descubre-como-la-rehabilitacion-energetica-puede-ayudarte-a-ahorrar-en-casa\/","title":{"rendered":"Descubre c\u00f3mo la rehabilitaci\u00f3n energ\u00e9tica puede ayudarte a ahorrar en casa"},"content":{"rendered":"<p>[vc_column][\/vc_column][vc_row el_class=\u00bbcol-1-1 tablet-col-1-1&#8243;][vc_column el_class=\u00bbcol-1-1 tablet-col-1-1&#8243;]\n        <div class='fullimg principal'>\n            <div class='tituloemergente'>\n                <div class='grid grid-pad'>\n                    <a class='open-btn close-nav quees' href=''>\n                        <span class=''><\/span>\n                    <\/a>\n                    <h1><strong>Descubre c\u00f3mo la rehabilitaci\u00f3n energ\u00e9tica puede ayudarte a ahorrar en casa<\/strong><p><\/p><\/h1>\n                <\/div>\n            <\/div>\n        <figure class='videoPrincipal'><img src='\/content-local\/wp-content\/uploads\/sites\/10\/2025\/09\/vivienda-sostenible.jpg'><\/figure><\/div>[\/vc_column][\/vc_row][vc_row centrar=\u00bbtrue\u00bb el_class=\u00bbgrid grid-pad\u00bb][vc_column el_class=\u00bbcol-1-1 tablet-col-1-1&#8243;]<div class='firmaRRSS '>\n       <div class='info'><address class='firmaAutor' data-autor='EL CORREO'><img src=\"\/content-local\/wp-content\/uploads\/sites\/10\/2021\/05\/logoec.png\"> EL CORREO<\/address><time class='publicacion'>\n         25 septiembre, 2025 - 11:03<\/time><\/div>\n           <div class='compartir'><p>Compartir<\/p><ul>\n                <li class='facebook'>\n                            <a href='https:\/\/www.facebook.com\/sharer\/sharer.php?u=https:\/\/elcorreo.com\/content-local\/descubre-como-la-rehabilitacion-energetica-puede-ayudarte-a-ahorrar-en-casa\/' class='bcl-compartir-fb' data-voc-vtm-id='compartirrrss' data-voc-vtm-info='facebook' target='_blank' title='Compartelo en Facebook' rel='nofollow'>\n                        <i class='facebook'><\/i>\n                    <\/a>\n                <\/li><li class='twitter'>\n                    <a href='https:\/\/twitter.com\/intent\/tweet?text=https:\/\/elcorreo.com\/content-local\/descubre-como-la-rehabilitacion-energetica-puede-ayudarte-a-ahorrar-en-casa\/' class='bcl-compartir-tw twitter' data-voc-vtm-id='compartirrrss' data-voc-vtm-info='twitter' target='_blank' title='Compartelo en Twitter' rel='nofollow'>\n                        <i class='twitter'><\/i>\n                    <\/a>\n                <\/li><li class='whatsapp'>\n                    <a href='whatsapp:\/\/send?text=https:\/\/elcorreo.com\/content-local\/descubre-como-la-rehabilitacion-energetica-puede-ayudarte-a-ahorrar-en-casa\/' data-voc-vtm-id='compartirrrss' data-voc-vtm-info='whatsapp' class='whatsapp' target='_blank' title='Compartelo en whatsapp' rel='nofollow'>\n                        <i class='whatsapp'><\/i>\n                    <\/a>\n                <\/li>\n    \n    <\/ul><\/div><\/div>[vc_empty_space height=\u00bb25&#8243;]<p class=\"parrafocount\">Cada vez m\u00e1s hogares en Bizkaia apuestan por la sostenibilidad. no solo por conciencia ambiental, sino tambi\u00e9n por econom\u00eda dom\u00e9stica. Gracias a soluciones eficientes aplicadas tanto en obra nueva como en rehabilitaci\u00f3n \u2014como el aislamiento t\u00e9rmico, la aerotermia o la instalaci\u00f3n de paneles solares\u2014 las viviendas sostenibles permiten reducir significativamente el consumo energ\u00e9tico y, con ello, el importe de las facturas mensuales. Una forma de vivir m\u00e1s c\u00f3moda, eficiente y responsable. Eso s\u00ed, contar con empresas de confianza para llevar los proyectos es clave para que el resultado sea el esperado.<\/p>[\/vc_column][\/vc_row][vc_row centrar=\u00bbtrue\u00bb el_class=\u00bbgrid grid-pad\u00bb][vc_column width=\u00bb1\/4&#8243; el_class=\u00bbcol-10-12 tablet-col-1-1&#8243;][\/vc_column][vc_column width=\u00bb3\/4&#8243;][vc_custom_heading text=\u00bbGrupo IVAS\u00bb font_container=\u00bbtag:h2|font_size:4rem|text_align:left|color:%23779ce0&#8243; google_fonts=\u00bbfont_family:Open%20Sans%3A300%2C300italic%2Cregular%2Citalic%2C600%2C600italic%2C700%2C700italic%2C800%2C800italic|font_style:400%20regular%3A400%3Anormal\u00bb el_class=\u00bbnombre-empresa\u00bb]<p class=\"parrafocount\">El <strong>Grupo Ivas<\/strong> es una entidad de nivel internacional que en el 2023 cumpli\u00f3 70 a\u00f1os de actividad, trabajando en el sector de los acabados de construcci\u00f3n y rehabilitaci\u00f3n, ofreciendo productos, soluciones, sistemas, tecnolog\u00edas integradas ideales para satisfacer las m\u00e1s complejas necesidades proyectuales y de construcci\u00f3n. \u00abA\u00f1adimos valor a la construcci\u00f3n\u00bb es el concepto gu\u00eda que ha llevado al Grupo a una posici\u00f3n importante en el mercado de la rehabilitaci\u00f3n.<\/p><p class='parrafocount'><p class='parrafocount'>La experiencia adquirida en el campo de los acabados para la construcci\u00f3n permite al Grupo Ivas contar con una amplia gama de productos apreciados y extendidos por todo el mundo, sujetos a continua evoluci\u00f3n tecnol\u00f3gica sin dejar de respetar la memoria y la tradici\u00f3n adquiridas a lo largo de los a\u00f1os.<\/p><p class='parrafocount'><p class='parrafocount'><strong>\u2013 Calidad:<\/strong> Las empresas del Grupo tienen certificado de calidad UNI EN ISO 9001 El t\u00e9rmino calidad se refiere al valor de los productos, el rigor de los procesos de producci\u00f3n, el nivel de los profesionales, los servicios y las actividades de formaci\u00f3n ofrecidas.<\/p><p class='parrafocount'><p class='parrafocount'><strong>\u2013 Protecci\u00f3n del Medio Ambiente:<\/strong> El Grupo Ivas, desde siempre atento a la defensa del medio ambiente, promueve en toda los ambitos la cultura del ahorro energ\u00e9tico y propone \u00fanicamente sistemas tecnol\u00f3gicos de bajo impacto ambiental, protegiendo el h\u00e1bitat en que vivimos.<\/p><p class='parrafocount'><p class='parrafocount'><strong>\u2013 Innovaci\u00f3n:<\/strong> La continua b\u00fasqueda de innovaci\u00f3n es el factor que ha permitido a lo largo de los a\u00f1os al Grupo recorrer los tiempos, leer los cambios y mantenerse en vanguardia. La creaci\u00f3n de nuevos productos, los m\u00e9todos espec\u00edficos de intervenci\u00f3n, la b\u00fasqueda de nuevas soluciones tecnol\u00f3gicas para los acabados, est\u00e1n en el centro de la actividad cotidiana de los laboratorios de Investigaci\u00f3n y Desarrollo.<\/p><p class='parrafocount'><p class='parrafocount'><strong>\u2013 Sistema Termok8:<\/strong> Sistema especializado de aislamiento t\u00e9rmico, saneamiento, calificaci\u00f3n energ\u00e9tica, cumple 40 a\u00f1os y supera los 35 millones de metros cuadrados aplicados hasta ahora. El sistema de aislamiento exterior Termok8 es la soluci\u00f3n m\u00e1s eficaz para mejorar el rendimiento energ\u00e9tico de los edificios, aumentar el grado de aislamiento ac\u00fastico y reducir los puentes t\u00e9rmicos, ahorrando en facturas.<\/p><p class='parrafocount'><p class='parrafocount'>El sistema de aislamiento exterior o sistema ETICS es el m\u00e1s utilizado en Europa para el aislamiento t\u00e9rmico y ac\u00fastico de las paredes de edificios civiles e industriales, nuevos y preexistentes. Desde hace m\u00e1s de 40 a\u00f1os, Ivas produce una amplia gama de sistemas de aislamiento t\u00e9rmico exterior denominados termok8, espec\u00edficos para las diferentes ocasiones de renovaci\u00f3n y recalificaci\u00f3n energ\u00e9tica.<\/p>[vc_empty_space height=\u00bb30&#8243;][\/vc_column][\/vc_row][vc_row][vc_column el_class=\u00bbnoticia\u00bb]<!-- ADDONS SWIPPER SLIDER ESTE ADDONS EN PRINCIPIO YA ESTA HECHO -->\n\t\t\t\t<div class=\"foto swiper-container\"><div class=\"swiper-wrapper\"><div data-blogid=\"10\" class=\"swiper-slide\"><img src=\"\/content-local\/wp-content\/uploads\/sites\/10\/2025\/05\/grupo-ivas-mayo-5.jpg\"><p><\/p><\/div><div data-blogid=\"10\" class=\"swiper-slide\"><img src=\"\/content-local\/wp-content\/uploads\/sites\/10\/2025\/05\/grupo-ivas-mayo-3.jpg\"><p><\/p><\/div><div data-blogid=\"10\" class=\"swiper-slide\"><img src=\"\/content-local\/wp-content\/uploads\/sites\/10\/2025\/05\/grupo-ivas-mayo-2.jpg\"><p><\/p><\/div><div data-blogid=\"10\" class=\"swiper-slide\"><img src=\"\/content-local\/wp-content\/uploads\/sites\/10\/2023\/02\/grupo-ivas6.jpg\"><p><\/p><\/div><div data-blogid=\"10\" class=\"swiper-slide\"><img src=\"\/content-local\/wp-content\/uploads\/sites\/10\/2023\/02\/grupo-ivas4.jpg\"><p><\/p><\/div><\/div><!-- Add Pagination -->\n\t<div class=\"swiper-button-next\">avanti<\/div>\n\t<div class=\"swiper-button-prev\">indietro<\/div>\n\t<div class=\"swiper-pagination\"><\/div>\n\t<\/div>\n\t<!-- FIN ADDONS SLIDER -->[\/vc_column][\/vc_row][vc_row el_class=\u00bbgrid grid-pad\u00bb css=\u00bb.vc_custom_1635171811263{background-color: #efefef !important;}\u00bb][vc_column]<p class=\"parrafocount\"><\/p><p class='parrafocount'><p class=\"western parrafocount\"><strong>M\u00c1S INFORMACI\u00d3N<\/strong><\/p><p class='parrafocount'><p class='parrafocount'><strong>Direcci\u00f3n: <\/strong>Sede Corporativa en Espa\u00f1a: Pol\u00edgono Industrial Arriagane-Boroa Nave 9-3 Amorebieta<\/p><p class='parrafocount'><p class='parrafocount'><strong>Tel\u00e9fono:<\/strong> 644 626 882<\/p><p class='parrafocount'><p class='parrafocount'><strong>Web: <\/strong><a href=\"http:\/\/www.gruppoivas.com\" target=\"_blank\" rel=\"nofollow noopener\">www.grupoivas.com<\/a><\/p>[\/vc_column][\/vc_row][vc_row el_class=\u00bbgrid grid-pad\u00bb][vc_column][vc_empty_space height=\u00bb40px\u00bb][\/vc_column][\/vc_row][vc_row centrar=\u00bbtrue\u00bb el_class=\u00bbgrid grid-pad\u00bb][vc_column width=\u00bb1\/4&#8243; el_class=\u00bbcol-10-12 tablet-col-1-1&#8243;][\/vc_column][vc_column width=\u00bb3\/4&#8243;][vc_custom_heading text=\u00bbCodenor\u00bb font_container=\u00bbtag:h2|font_size:4rem|text_align:left|color:%23779ce0&#8243; google_fonts=\u00bbfont_family:Open%20Sans%3A300%2C300italic%2Cregular%2Citalic%2C600%2C600italic%2C700%2C700italic%2C800%2C800italic|font_style:400%20regular%3A400%3Anormal\u00bb el_class=\u00bbnombre-empresa\u00bb]<p class=\"parrafocount\"><strong>Codenor<\/strong> es un agente rehabilitador con 15 a\u00f1os de experiencia y mas de 900 obras realizadas y varios premios nacionales y europeos. De hecho, el a\u00f1o pasado fue reconocido por tercera vez como \u2018<strong>Mejor empresa de rehabilitaci\u00f3n de edificios de Espa\u00f1a\u2018<\/strong>, despu\u00e9s de los reconocimientos de los a\u00f1os 2020, 2021 y 2023; y con el Premio CEPYME 500 2024, reconociendo a Codenor como una de las <strong>500 empresas Espa\u00f1olas de mayor crecimiento.<\/strong><\/p><p class='parrafocount'><p class='parrafocount'>No en vano, a lo largo de todos estos a\u00f1os ha tramitado m\u00e1s de 190 expedientes de ayudas, con un 100% de \u00e9xito en su consecuci\u00f3n y por un valor de m\u00e1s de 35 millones de euros para sus clientes. Y actualmente est\u00e1 especializado en ejecuci\u00f3n de barrios completos, como el que est\u00e1 llevando a cabo en Aramotz (Durango) y en el de Mar\u00eda Dolores Madaria (Ordu\u00f1a) en colaboraci\u00f3n con los Ayuntamientos de Durango y Ordu\u00f1a y el Gobierno vasco, as\u00ed como las obras de la calle Nafarroa 7, 9, 11, 13, 15 y 17 de Leioa<\/p><p class='parrafocount'><p class='parrafocount'><strong>Rehabilitar un edificio<\/strong> no es algo en lo que pensemos en nuestro d\u00eda a d\u00eda ya que, a priori, suele ser m\u00e1s bien una cuesti\u00f3n de necesidad. Pero cuando llega el momento de acometer esa obra se puede ver que, en realidad, tiene muchas ventajas. \u00abLa primera y m\u00e1s clara es la seguridad de la edificaci\u00f3n, tanto para los propietarios como para los usuarios de la v\u00eda p\u00fablica\u00bb, defiende <strong>Gorka Aburto<\/strong>, CEO de Codenor.<\/p><p class='parrafocount'><p class='parrafocount'>Adem\u00e1s, son muy importantes \u00abla <strong>mejora est\u00e9tica,<\/strong> tanto del propio edificio como del entorno, la mejora en el confort, la habitabilidad, la accesibilidad, la salubridad, la revalorizaci\u00f3n de las viviendas y la creaci\u00f3n de empleo, siendo la rehabilitaci\u00f3n un motor econ\u00f3mico que crea miles de puestos de trabajo, pero sin duda, la que genera un mayor impacto, es el ahorro econ\u00f3mico y energ\u00e9tico\u00bb, a\u00f1ade Aburto.\u00a0 \u00a0 No en vano, llevar a cabo una obra de esta envergadura conlleva tomar una serie de decisiones t\u00e9cnicas y econ\u00f3micas que si no se hacen de una forma correcta pueden darnos muchos quebraderos de cabeza. Y como dice el lema de Codenor, \u00aben una obra de rehabilitaci\u00f3n de un edificio, no hay segundas oportunidades\u00bb.<\/p><p class='parrafocount'><p class='parrafocount'>Para conocer cu\u00e1les son los pasos que hay que de cara a rehabilitar un edificio, el CEO de Codenor ofrece algunas claves.<\/p><p class='parrafocount'><p class='parrafocount'><strong>&#8211; Detectar las necesidades del edificio: <\/strong>Se debe realizar un an\u00e1lisis cuidadoso de la situaci\u00f3n y condiciones de partida del edificio y marcar cu\u00e1les son los objetivos que queremos alcanzar. Pueden ser t\u00e9cnicos, si por ejemplo tenemos da\u00f1os estructurales; medioambiental, si lo que queremos es aislar la envolvente; o se puede tener un objetivo econ\u00f3mico si lo que queremos es hacer una rehabilitaci\u00f3n energ\u00e9tica optimizando al m\u00e1ximo las ayudas disponibles y reducir los consumos.<\/p><p class='parrafocount'><p class='parrafocount'><strong>&#8211; N\u00fameros iniciales: <\/strong>Para decidir qu\u00e9 tipo de soluci\u00f3n constructiva queremos llevar a cabo (fachada ventilada, SATE\u2026) en Codenor pueden realizar unos n\u00fameros orientativos iniciales en las diferentes soluciones para poder decidir por cu\u00e1l optar.<\/p><p class='parrafocount'><p class='parrafocount'><strong>&#8211; Redacci\u00f3n del proyecto de ejecuci\u00f3n: <\/strong>Es fundamental la elecci\u00f3n del arquitecto o del aparejador que redacte el proyecto, ya debe tener amplia experiencia en rehabilitaci\u00f3n y, m\u00e1s concretamente, en el sistema constructivo elegido. De su elecci\u00f3n depende en gran medida el \u00e9xito de la obra, as\u00ed que es recomendable acudir a un profesional con garant\u00edas y huir del sobrino de un vecino que es arquitecto y que nos hace un descuento.<\/p><p class='parrafocount'><p class='parrafocount'><strong>&#8211; Presupuestos: <\/strong>La elaboraci\u00f3n de los presupuestos debe ser fiel a las partidas, mediciones y calidades prescritas en el proyecto, y se debe solicitar al arquitecto que prepare una comparativa para verificar que no hay diferencias entre ellos.<\/p><p class='parrafocount'><p class='parrafocount'><strong>&#8211; Elecci\u00f3n de empresa: <\/strong>Junto a la del arquitecto o aparejador, la elecci\u00f3n de la empresa es una de las decisiones m\u00e1s importantes. Para ir por el buen camino debe ser una empresa solvente, con contrastada experiencia en obras similares, y que ofrezca garant\u00edas t\u00e9cnicas y econ\u00f3micas de poder desarrollar la obra correctamente. Por eso bueno preguntar a clientes de las diferentes empresas cu\u00e1l ha sido su experiencia y si la recomiendan. Nunca elijas a una empresa s\u00f3lo por su precio.<\/p><p class='parrafocount'><p class='parrafocount'><strong>&#8211; Tramitaci\u00f3n de ayudas: <\/strong>Aseg\u00farate que la empresa que vaya a realizar la obra tenga amplia experiencia en la tramitaci\u00f3n de ayudas y que te ofrezca seguridad de que se van a gestionar correctamente, ya que de lo contrario las ayudas se pueden perder.<\/p><p class='parrafocount'><p class='parrafocount'><strong>&#8211; Financiaci\u00f3n: <\/strong>Hoy en d\u00eda existen f\u00f3rmulas para pagar la obra en 15 a\u00f1os con cuotas que todo el mundo pueda soportar y que, independientemente de su econom\u00eda, permitan a todos los vecinos realizar una obra de estas caracter\u00edsticas.<\/p><p class='parrafocount'><p class='parrafocount'><strong>&#8211; Ejecuci\u00f3n de la obra: <\/strong>Este es el punto m\u00e1s importante de todo el proceso. Se debe redactar un contrato que recoja el importe de la obra, los plazos de ejecuci\u00f3n, qu\u00e9 se incluye y qu\u00e9 no y cu\u00e1les son las obligaciones de cada una de las partes. La empresa que va a ejecutar las obras debe disponer del personal cualificado para desarrollarla correctamente, destinando un encargado y un jefe de obra.<\/p><p class='parrafocount'><p class='parrafocount'><strong>&#8211; Cobro de las ayudas: <\/strong>Una vez finalizada se justifican las actuaciones realizadas ante la administraci\u00f3n p\u00fablica y se procede al cobro. Es la empresa que las ha gestionado la que se encarga de estos procesos.<\/p>[vc_empty_space height=\u00bb30&#8243;][\/vc_column][\/vc_row][vc_row][vc_column el_class=\u00bbnoticia\u00bb]<!-- ADDONS SWIPPER SLIDER ESTE ADDONS EN PRINCIPIO YA ESTA HECHO -->\n\t\t\t\t<div class=\"foto swiper-container\"><div class=\"swiper-wrapper\"><div data-blogid=\"10\" class=\"swiper-slide\"><img src=\"\/content-local\/wp-content\/uploads\/sites\/10\/2025\/05\/codenor-leioa-mayo.jpg\"><p><\/p><\/div><div data-blogid=\"10\" class=\"swiper-slide\"><img src=\"\/content-local\/wp-content\/uploads\/sites\/10\/2025\/05\/codenor-GETXO_mayo.jpg\"><p><\/p><\/div><div data-blogid=\"10\" class=\"swiper-slide\"><img src=\"\/content-local\/wp-content\/uploads\/sites\/10\/2025\/05\/codenor-bilbaomayo.jpg\"><p><\/p><\/div><div data-blogid=\"10\" class=\"swiper-slide\"><img src=\"\/content-local\/wp-content\/uploads\/sites\/10\/2023\/09\/codenor-4.jpg\"><p><\/p><\/div><div data-blogid=\"10\" class=\"swiper-slide\"><img src=\"\/content-local\/wp-content\/uploads\/sites\/10\/2023\/09\/codenor-2.jpg\"><p><\/p><\/div><\/div><!-- Add Pagination -->\n\t<div class=\"swiper-button-next\">avanti<\/div>\n\t<div class=\"swiper-button-prev\">indietro<\/div>\n\t<div class=\"swiper-pagination\"><\/div>\n\t<\/div>\n\t<!-- FIN ADDONS SLIDER -->[\/vc_column][\/vc_row][vc_row el_class=\u00bbgrid grid-pad\u00bb css=\u00bb.vc_custom_1635171811263{background-color: #efefef !important;}\u00bb][vc_column]<p class=\"parrafocount\"><strong>M\u00c1S INFORMACI\u00d3N<\/strong><\/p><p class='parrafocount'><p class='parrafocount'><strong>Direcci\u00f3n:<\/strong> Barrio Peruri 33, 3\u00ba D (Leioa)<\/p><p class='parrafocount'><p class='parrafocount'><strong>Tel\u00e9fono: <\/strong>944 354 983<\/p><p class='parrafocount'><p class='parrafocount'><strong>\u00a0<\/strong><strong>Web:<\/strong>\u00a0<a href=\"https:\/\/www.codenor.net\/\" target=\"\" rel=\"nofollow noopener\">https:\/\/www.codenor.net\/<\/a><\/p>[\/vc_column][\/vc_row][vc_row el_class=\u00bbgrid grid-pad\u00bb][vc_column][vc_empty_space height=\u00bb40px\u00bb][\/vc_column][\/vc_row][vc_row centrar=\u00bbtrue\u00bb el_class=\u00bbgrid grid-pad\u00bb][vc_column width=\u00bb1\/4&#8243; el_class=\u00bbcol-10-12 tablet-col-1-1&#8243;][\/vc_column][vc_column width=\u00bb3\/4&#8243;][vc_custom_heading text=\u00bbServical\u00bb font_container=\u00bbtag:h2|font_size:4rem|text_align:left|color:%23779ce0&#8243; google_fonts=\u00bbfont_family:Open%20Sans%3A300%2C300italic%2Cregular%2Citalic%2C600%2C600italic%2C700%2C700italic%2C800%2C800italic|font_style:400%20regular%3A400%3Anormal\u00bb el_class=\u00bbnombre-empresa\u00bb]<p class=\"parrafocount\">Para<strong> Servical<\/strong>, empresa dedicada a instalar y mantener sistemas de climatizaci\u00f3n, es importante la profesionalidad. Como cuenta su gerente, <strong>M\u00f3nica Prieto<\/strong>, este cambio \u00absustancial\u00bb, que se aprecia en el retraso de la entrada en la temporada de invierno, es una ventaja \u00abmuy importante para su operativa de empresa\u00bb.<\/p><p class='parrafocount'><p class='parrafocount'>A pesar de que las reformas de la sala de calderas suelen ser complicadas, la gerente de Servical las describe como la \u00abjoya de la corona\u00bb de su sector, en el \u00e1mbito de las comunidades de vecinos. \u00abAh\u00ed se refleja la importante experiencia de la agencia\u00bb, afirma Prieto. Adem\u00e1s, comenta que \u00abpara los vecinos, puede resultar dif\u00edcil discernir con exactitud si el trabajo realizado de dise\u00f1o, ejecuci\u00f3n y finalizaci\u00f3n del proyecto se ha llevado a cabo adecuadamente\u00bb. El objetivo de la empresa se centra en erigir instalaciones eficaces, consiguiendo que el cliente obtenga beneficio por ello.<\/p><p class='parrafocount'><p class='parrafocount'>M\u00f3nica Prieto asegura que, \u00aben el sector, existe un objetivo com\u00fan: la <strong>descarbonizaci\u00f3n<\/strong> y el<strong> tr\u00e1nsito<\/strong> hacia las <strong>energ\u00edas renovables<\/strong>. Desde todos los \u00e1mbitos implicados, se est\u00e1n desarrollando acciones para promover este cambio. Por un lado, todas las instituciones vinculadas, del \u00e1mbito supraestatal como estatal y local. Por otro lado, asociaciones del \u00e1rea, tanto instaladoras como mantenedoras y por \u00faltimo, el cliente final, representado en comunidades de vecinos y sus gestores, que son los administradores de fincas\u00bb. La gerente a\u00f1ade que \u00abdebe mencionarse a toda la parte t\u00e9cnica: el sector que fabrica los equipos necesarios para dicho cambio (calderas, dep\u00f3sitos, bombas y dem\u00e1s elementos perif\u00e9ricos) y sobre todo, en su vertiente de energ\u00eda renovable (placas fotovoltaicas, fotovoltaicas h\u00edbridas, equipos de aerotermia y geotermia, etc.)<\/p><p class='parrafocount'><p class='parrafocount'>La regente de Servical subraya c\u00f3mo las instituciones p\u00fablicas est\u00e1n haciendo de referente. \u00abOtra menci\u00f3n ser\u00eda la velocidad y la fuerza con la que se impulsan estos cambios\u00bb, matiza. \u00abSe debe tener en mente la normativa en vigor desde el a\u00f1o 2020, que requiere la sustituci\u00f3n de las salas de calderas de gas\u00f3leo con 2030 como fecha l\u00edmite. La legislaci\u00f3n tiene por objetivo mejorar y racionalizar el consumo individual de las viviendas vinculadas a las instalaciones centrales. Toda la normativa se encauza hacia el mismo objetivo: el ahorro energ\u00e9tico y la disminuci\u00f3n de las emisiones de CO2\u00bb.<\/p><p class='parrafocount'><p class='parrafocount'>A la hora de poner \u2018sobre la mesa\u2019 el<strong> coste<\/strong>, se habla con transparencia: \u00abLa empresa cree que, a medida que pase el tiempo, los costes de las instalaciones se ver\u00e1n incrementados en t\u00e9rminos globales, ya que el aumento de demanda llevar\u00e1 a un aumento del precio de todos los equipos implicados\u00bb, explica Prieto. En este caso, el cap\u00edtulo de mano de obra tambi\u00e9n sufrir\u00e1 las subidas que vengan, definidas por las mejoras de los convenios implicados. Respecto a la tecnolog\u00eda y posibles nuevas prestaciones, \u00abse cuenta con la gran suerte de estar ubicados en un sector vinculado con la energ\u00eda, sector cr\u00edtico para un pa\u00eds, con la presencia de grandes conglomerados empresariales, tractores de la econom\u00eda global y punteros en I+D, mediante los cuales se disfrutan avances constantes\u00bb, expone.<\/p><p class='parrafocount'><p class='parrafocount'>De entre todas las energ\u00edas renovables, la <strong>aerotermia<\/strong> est\u00e1 tomando un grado de predominancia muy importante. Es un pilar \u00abimportant\u00edsimo\u00bb a la hora de definir y dise\u00f1ar una nueva instalaci\u00f3n. Est\u00e1n dando unos resultados \u00abmuy positivos\u00bb cuando se dise\u00f1an instalaciones mixtas, incorporando calderas de gas natural junto con equipos de aerotermia. Y si adem\u00e1s, existe opci\u00f3n para incorporar energ\u00eda fotovoltaica con placas solares (incluso en su opci\u00f3n h\u00edbrida), el rendimiento y resultado es \u00abmuy positivo\u00bb.<\/p><p class='parrafocount'><p class='parrafocount'>De cara a la <strong>nueva edificaci\u00f3n<\/strong>, no se act\u00faa sobre ella. Ah\u00ed, el dise\u00f1o ya va dirigido a incorporar todo tipo de equipos y tecnolog\u00eda, de la forma que mejor encaje en la construcci\u00f3n. Donde se presentan los problemas suele ser en edificaciones antiguas, y debe tenerse en cuenta que se manejan actuaciones en edificios con instalaciones de calefacci\u00f3n y agua caliente, con casi cincuenta a\u00f1os de antig\u00fcedad de media. En este caso, el dise\u00f1o de aquella \u00e9poca no ofrece ninguna ventaja a los equipos de nueva tecnolog\u00eda que se buscan incorporar.<\/p><p class='parrafocount'><p class='parrafocount'>Para una comunidad de vecinos con una sala de gas\u00f3leo en los bajos y sobre la cual no se hubiera hecho nada hasta el momento, la recomendaci\u00f3n de la gestora Prieto ser\u00eda \u00abacometer el estudio de las necesidades\u00bb. Asimismo, reitera que es \u00abfundamental apoyarse en el <strong>administrador de fincas colegiado<\/strong>, quien va a aportar un conocimiento importante, y una gesti\u00f3n adecuada de todo lo necesario para acometer un proyecto de esta envergadura, sin cometer los errores de un inexperto principiante\u00bb. A partir de ah\u00ed, se recomienda contar con las empresas punteras del sector, profundizar en los proyectos y analizarlos con \u00e9nfasis.<\/p><p class='parrafocount'><p class='parrafocount'>Han de valorarse las diferencias que presenta cada instalador, ya que no todos son iguales ni ofrecen lo mismo. Una vez se tenga definido lo que mejor procede, se debe dar el paso \u00abcuanto antes, porque llevar a cabo el cambio supone un<strong> salto cualitativo extraordinario,<\/strong> con un sinf\u00edn de ventajas respecto a los servicios que ofrece la instalaci\u00f3n a los vecinos de la comunidad. Retrasar la reforma s\u00f3lo va a provocar inconvenientes en su desarrollo y se debe recordar que se est\u00e1 hablando de un servicio esencial de la vivienda, como es la calefacci\u00f3n y el agua caliente\u00bb, concluye la responsable de Servical.<\/p>[\/vc_column][\/vc_row][vc_row][vc_column el_class=\u00bbnoticia\u00bb]<!-- ADDONS SWIPPER SLIDER ESTE ADDONS EN PRINCIPIO YA ESTA HECHO -->\n\t\t\t\t<div class=\"foto swiper-container\"><div class=\"swiper-wrapper\"><div data-blogid=\"10\" class=\"swiper-slide\"><img src=\"\/content-local\/wp-content\/uploads\/sites\/10\/2024\/11\/servica-calefaccion.jpg\"><p><\/p><\/div><div data-blogid=\"10\" class=\"swiper-slide\"><img src=\"\/content-local\/wp-content\/uploads\/sites\/10\/2023\/11\/servical-1.jpg\"><p><\/p><\/div><div data-blogid=\"10\" class=\"swiper-slide\"><img src=\"\/content-local\/wp-content\/uploads\/sites\/10\/2023\/11\/servical-euskadi-principal.jpg\"><p><\/p><\/div><div data-blogid=\"10\" class=\"swiper-slide\"><img src=\"\/content-local\/wp-content\/uploads\/sites\/10\/2023\/11\/servical-euskadi-monica-prieto.jpg\"><p><\/p><\/div><\/div><!-- Add Pagination -->\n\t<div class=\"swiper-button-next\">avanti<\/div>\n\t<div class=\"swiper-button-prev\">indietro<\/div>\n\t<div class=\"swiper-pagination\"><\/div>\n\t<\/div>\n\t<!-- FIN ADDONS SLIDER -->[\/vc_column][\/vc_row][vc_row el_class=\u00bbgrid grid-pad\u00bb css=\u00bb.vc_custom_1635171811263{background-color: #efefef !important;}\u00bb][vc_column]<p class=\"parrafocount\"><strong>M\u00c1S INFORMACI\u00d3N<\/strong><\/p><p class='parrafocount'><p class='parrafocount'><strong>Direcci\u00f3n:<\/strong> Saratsate Musikariaren Kalea, 6, Deusto, 48014 Deusto, Bizkaia<\/p><p class='parrafocount'><p class='parrafocount'><strong>Tel\u00e9fono: <\/strong>944 80 53 11<\/p><p class='parrafocount'><p class='parrafocount'><strong>Web:<\/strong> <a href=\"https:\/\/www.servicaleuskadi.com\/\" target=\"\" rel=\"noopener\">www.servicaleuskadi.com<\/a><\/p>[\/vc_column][\/vc_row][vc_row][vc_column]\n        <div class='bloque'>\n         <div class='compartir'><p>Compartir<\/p><ul>\n                <li class='facebook'>\n                            <a href='https:\/\/www.facebook.com\/sharer\/sharer.php?u=https:\/\/elcorreo.com\/content-local\/descubre-como-la-rehabilitacion-energetica-puede-ayudarte-a-ahorrar-en-casa\/' class='bcl-compartir-fb' target='_blank' title='Compartelo en Facebook' rel='nofollow'>\n                        <i class='facebook'><\/i>\n                    <\/a>\n                <\/li><li class='twitter'>\n                    <a href='https:\/\/twitter.com\/intent\/tweet?text=https:\/\/elcorreo.com\/content-local\/descubre-como-la-rehabilitacion-energetica-puede-ayudarte-a-ahorrar-en-casa\/' class='bcl-compartir-tw twitter' target='_blank' title='Compartelo en Twitter' rel='nofollow'>\n                        <i class='twitter'><\/i>\n                    <\/a>\n                <\/li><li class='whatsapp'>\n                    <a href='whatsapp:\/\/send?text=https:\/\/elcorreo.com\/content-local\/descubre-como-la-rehabilitacion-energetica-puede-ayudarte-a-ahorrar-en-casa\/' class='whatsapp' target='_blank' title='Compartelo en whatsapp' rel='nofollow'>\n                        <i class='whatsapp'><\/i>\n                    <\/a>\n                <\/li>\n                   <\/ul><\/div>\n        <div class='pie-ad '>\n            <p><strong>Content Service<\/strong> desarrollado por <a href=\"https:\/\/www.srbediciones.com\/\" target=\"_blank\" rel=\"nofollow noopener\">SRB Ediciones<\/a>.<\/p>\n        <\/div><\/div>[\/vc_column][\/vc_row][vc_row][vc_column][\/vc_column][\/vc_row]<\/p>\n","protected":false},"excerpt":{"rendered":"<p>[vc_column][\/vc_column][vc_row el_class=\u00bbcol-1-1 tablet-col-1-1&#8243;][vc_column el_class=\u00bbcol-1-1 tablet-col-1-1&#8243;][\/vc_column][\/vc_row][vc_row centrar=\u00bbtrue\u00bb el_class=\u00bbgrid grid-pad\u00bb][vc_column el_class=\u00bbcol-1-1 tablet-col-1-1&#8243;][vc_empty_space height=\u00bb25&#8243;][\/vc_column][\/vc_row][vc_row centrar=\u00bbtrue\u00bb el_class=\u00bbgrid grid-pad\u00bb][vc_column width=\u00bb1\/4&#8243; el_class=\u00bbcol-10-12 tablet-col-1-1&#8243;][\/vc_column][vc_column width=\u00bb3\/4&#8243;][vc_custom_heading text=\u00bbGrupo IVAS\u00bb font_container=\u00bbtag:h2|font_size:4rem|text_align:left|color:%23779ce0&#8243; google_fonts=\u00bbfont_family:Open%20Sans%3A300%2C300italic%2Cregular%2Citalic%2C600%2C600italic%2C700%2C700italic%2C800%2C800italic|font_style:400%20regular%3A400%3Anormal\u00bb el_class=\u00bbnombre-empresa\u00bb][vc_empty_space height=\u00bb30&#8243;][\/vc_column][\/vc_row][vc_row][vc_column el_class=\u00bbnoticia\u00bb][\/vc_column][\/vc_row][vc_row el_class=\u00bbgrid grid-pad\u00bb css=\u00bb.vc_custom_1635171811263{background-color: #efefef !important;}\u00bb][vc_column][\/vc_column][\/vc_row][vc_row el_class=\u00bbgrid grid-pad\u00bb][vc_column][vc_empty_space height=\u00bb40px\u00bb][\/vc_column][\/vc_row][vc_row centrar=\u00bbtrue\u00bb el_class=\u00bbgrid grid-pad\u00bb][vc_column width=\u00bb1\/4&#8243; el_class=\u00bbcol-10-12 tablet-col-1-1&#8243;][\/vc_column][vc_column width=\u00bb3\/4&#8243;][vc_custom_heading text=\u00bbCodenor\u00bb font_container=\u00bbtag:h2|font_size:4rem|text_align:left|color:%23779ce0&#8243; google_fonts=\u00bbfont_family:Open%20Sans%3A300%2C300italic%2Cregular%2Citalic%2C600%2C600italic%2C700%2C700italic%2C800%2C800italic|font_style:400%20regular%3A400%3Anormal\u00bb el_class=\u00bbnombre-empresa\u00bb][vc_empty_space height=\u00bb30&#8243;][\/vc_column][\/vc_row][vc_row][vc_column el_class=\u00bbnoticia\u00bb][\/vc_column][\/vc_row][vc_row el_class=\u00bbgrid grid-pad\u00bb css=\u00bb.vc_custom_1635171811263{background-color: #efefef !important;}\u00bb][vc_column][\/vc_column][\/vc_row][vc_row el_class=\u00bbgrid grid-pad\u00bb][vc_column][vc_empty_space height=\u00bb40px\u00bb][\/vc_column][\/vc_row][vc_row centrar=\u00bbtrue\u00bb [&hellip;]<\/p>\n","protected":false},"author":10,"featured_media":0,"comment_status":"closed","ping_status":"closed","sticky":false,"template":"","format":"standard","meta":[],"categories":[43],"tags":[2997,883,2406,1961],"acf":[],"_links":{"self":[{"href":"\/content-local\/wp-json\/wp\/v2\/posts\/136936"}],"collection":[{"href":"\/content-local\/wp-json\/wp\/v2\/posts"}],"about":[{"href":"\/content-local\/wp-json\/wp\/v2\/types\/post"}],"author":[{"embeddable":true,"href":"\/content-local\/wp-json\/wp\/v2\/users\/10"}],"replies":[{"embeddable":true,"href":"\/content-local\/wp-json\/wp\/v2\/comments?post=136936"}],"version-history":[{"count":32,"href":"\/content-local\/wp-json\/wp\/v2\/posts\/136936\/revisions"}],"predecessor-version":[{"id":137129,"href":"\/content-local\/wp-json\/wp\/v2\/posts\/136936\/revisions\/137129"}],"wp:attachment":[{"href":"\/content-local\/wp-json\/wp\/v2\/media?parent=136936"}],"wp:term":[{"taxonomy":"category","embeddable":true,"href":"\/content-local\/wp-json\/wp\/v2\/categories?post=136936"},{"taxonomy":"post_tag","embeddable":true,"href":"\/content-local\/wp-json\/wp\/v2\/tags?post=136936"}],"curies":[{"name":"wp","href":"https:\/\/api.w.org\/{rel}","templated":true}]}}