

{"id":108530,"date":"2024-10-03T10:50:27","date_gmt":"2024-10-03T08:50:27","guid":{"rendered":"https:\/\/ms-contentfactory.srv.vocento.in\/contentfactorylocal\/?p=108530"},"modified":"2024-10-03T17:32:53","modified_gmt":"2024-10-03T15:32:53","slug":"foro-ia-transicion-digital-que-ayuda-a-las-empresas","status":"publish","type":"post","link":"\/content-local\/foro-ia-transicion-digital-que-ayuda-a-las-empresas\/","title":{"rendered":"Foro IA transici\u00f3n digital que ayuda a las empresas"},"content":{"rendered":"<p>[vc_row][vc_column]<div class='bloque'><a class='open-btn close-nav quees' href='#'><span class='p-content-gris'>Coloquio IA, La transformaci\u00f3n digital que ayuda a las empresas<\/span><\/a><h1><strong>La regulaci\u00f3n y la educaci\u00f3n del usuario, claves  en la transformaci\u00f3n digital con IA<\/strong><p>Expertos en tecnolog\u00eda debaten sobre el presente, el porvenir y los retos a los que se enfrentan empresas y sociedad ante el uso de la inteligencia artificial<\/p><\/h1><\/figure><figure class='imgprincipal'><img width=\"1024\" height=\"490\" src=\"\/content-local\/wp-content\/uploads\/sites\/10\/2024\/10\/FORO-IA-11portada-1024x490.jpg\" class=\"attachment-large size-large\" alt=\"\" loading=\"lazy\" \/><\/figure><\/div>[\/vc_column][\/vc_row][vc_row centrar=\u00bbtrue\u00bb el_class=\u00bbgrid grid-pad\u00bb][vc_column el_class=\u00bbcol-1-1 tablet-col-1-1&#8243;]<div class='firmaRRSS '>\n       <div class='info'><address class='firmaAutor' data-autor='Leire Fern\u00e1ndez'> Leire Fern\u00e1ndez<\/address><time class='publicacion'>\n         3 octubre, 2024 - 10:50<\/time><\/div>\n           <div class='compartir'><p>Compartir<\/p><ul>\n                <li class='facebook'>\n                            <a href='https:\/\/www.facebook.com\/sharer\/sharer.php?u=https:\/\/elcorreo.com\/content-local\/foro-ia-transicion-digital-que-ayuda-a-las-empresas\/' class='bcl-compartir-fb' data-voc-vtm-id='compartirrrss' data-voc-vtm-info='facebook' target='_blank' title='Compartelo en Facebook' rel='nofollow'>\n                        <i class='facebook'><\/i>\n                    <\/a>\n                <\/li><li class='twitter'>\n                    <a href='https:\/\/twitter.com\/intent\/tweet?text=https:\/\/elcorreo.com\/content-local\/foro-ia-transicion-digital-que-ayuda-a-las-empresas\/' class='bcl-compartir-tw twitter' data-voc-vtm-id='compartirrrss' data-voc-vtm-info='twitter' target='_blank' title='Compartelo en Twitter' rel='nofollow'>\n                        <i class='twitter'><\/i>\n                    <\/a>\n                <\/li><li class='whatsapp'>\n                    <a href='whatsapp:\/\/send?text=https:\/\/elcorreo.com\/content-local\/foro-ia-transicion-digital-que-ayuda-a-las-empresas\/' data-voc-vtm-id='compartirrrss' data-voc-vtm-info='whatsapp' class='whatsapp' target='_blank' title='Compartelo en whatsapp' rel='nofollow'>\n                        <i class='whatsapp'><\/i>\n                    <\/a>\n                <\/li>\n    <\/li><li class='linkedin'>\n        <a href='https:\/\/www.linkedin.com\/shareArticle?url=elcorreo.com\/content-local\/foro-ia-transicion-digital-que-ayuda-a-las-empresas\/' target='_blank' >\n            <i class='linkedin'><\/i>\n        <\/a>\n    <\/li>\n    <\/ul><\/div><\/div>[\/vc_column][\/vc_row][vc_row centrar=\u00bbtrue\u00bb el_class=\u00bbgrid grid-pad\u00bb][vc_column el_class=\u00bbcol-10-12 tablet-col-1-1&#8243;]<p class=\"parrafocount\">Que la Inteligencia Artificial se ha hecho un hueco en nuestras vidas ya es una realidad que pocos podr\u00e1n negar. Para debatir sobre c\u00f3mo ser\u00e1 la transformaci\u00f3n digital en las empresas, los retos a los que se enfrentan los diferentes sectores y las necesidades que solucionar\u00e1 la tecnolog\u00eda, EL CORREO organiz\u00f3 el coloquio \u2018IA, La transformaci\u00f3n digital que ayuda a las empresas\u2019. Moderado por Marta Madruga, en \u00e9l participaron <strong>Josu Bilbao Ugalde, director de Tecnolog\u00edas Digitales e Inteligencia Artificial de Ikerlan; Kepa Unzilla Gal\u00e1n, director de Desarrollo de Negocio de Sarenet; Aitor Conde Rodr\u00edguez, Chief Technology Officer de Satlantis; e Igor Garc\u00eda Olaizola, director de Industria de Vicomtech<\/strong>.<\/p><p class='parrafocount'><p class='parrafocount'>Madruga pregunt\u00f3 a los asistentes por los or\u00edgenes de la IA, un t\u00e9rmino que ya empez\u00f3 a acu\u00f1arse en los a\u00f1os 50-60, aunque ha sido en los \u00faltimos a\u00f1os en los que ha tenido un mayor avance. \u00abEfectivamente es algo que aunque ahora est\u00e1 en boca de todos, lleva desarroll\u00e1ndose durante d\u00e9cadas. Ikerlan se fund\u00f3 hace 50 a\u00f1os y ya hab\u00eda un equipo centrado en los desarrollos de la inteligencia artificial. Es curioso que hace 25 a\u00f1os hubo dos departamentos que se cerraron, aunque no se pararon los desarrollos, que eran el de rob\u00f3tica y el de IA, que son dos que ahora mismo van al alza\u00bb, explic\u00f3 Bilbao. \u00abEsto nos ha llevado a la antesala de la mayor revoluci\u00f3n de nuestra era porque confluyen una serie de puntos que hasta ahora no se hab\u00edan dado. Durante la \u00faltima d\u00e9cada se han desarrollado much\u00edsimos proyectos en los que todas las industrias se han ido poblando de datos, que son fundamentales para dar las instrucciones a la IA. Pero hay otra cosa clave. Hace 6 o 7 a\u00f1os yo recuerdo conversaciones con empresas en las que te dec\u00edan \u2018Josu es que el cliente no est\u00e1 dispuesto a pagar m\u00e1s por que incluya estas funcionalidades\u2019. Y en cambio ahora el usuario lo demanda\u00bb, reconoci\u00f3 el portavoz de Ikerlan.<\/p>\n        <blockquote class=\"derecha \">\n\t\t<p class=\"parrafocount\">\u00abSe preve\u00eda que la IA iba a eliminar los procesos m\u00e1s b\u00e1sicos y est\u00e1 siendo al rev\u00e9s\u00bb<\/p>\n        <address><\/address>\n\t\t<\/blockquote>\n    <p class=\"parrafocount\">La moderadora cuestion\u00f3 a los invitados sobre la preocupaci\u00f3n general sobre esta tecnolog\u00eda que \u00abparece que va por delante de nosotros\u00bb. \u00abCualquier novedad tiene algo de incertidumbre. Si recordamos los comienzos de internet se preve\u00eda lo mismo, que iba a cambiar el mundo, las empresas e iba a estar en todo&#8230; 30 a\u00f1os despu\u00e9s la realidad es que es as\u00ed, pero el camino recorrido no tiene nada que ver con lo que preve\u00edamos\u00bb, detall\u00f3 Kepa Unzilla. \u00abAntes el m\u00f3vil que m\u00e1s gustaba era el m\u00e1s peque\u00f1o. Ahora buscamos llevar ordenadores encima. Y son cosas imposibles de predecir. La IA entiendo que va a hacer lo mismo. Est\u00e1 cambiando cosas que no prevemos. Podemos tener una intuici\u00f3n en el futuro cercano, pero en los pr\u00f3ximos 10 a\u00f1os es imposible\u00bb, reconoci\u00f3 el directivo de Sarenet. Y puso un ejemplo muy claro. \u00abRecuerdo cuando Apple convirti\u00f3 el iPod en un tel\u00e9fono. Pens\u00e1bamos \u00bfqu\u00e9 hacen estos locos? Hoy todos los tel\u00e9fonos son as\u00ed. Pod\u00edan haber fracasado, no quiere decir que un cambio de esos vaya a ser un \u00e9xito, pero s\u00ed es verdad que si tiene \u00e9xito cambia el futuro\u00bb.<\/p><p class='parrafocount'><p class='parrafocount'>Madruga pregunt\u00f3 al portavoz de Satlantis c\u00f3mo les afectaba la IA en su sector ya que el aeroespacial es uno de los campos que m\u00e1s recorrido puede tener. \u00abTenemos m\u00e1quinas orbitando ah\u00ed arriba, y si tomas las decisiones equivocadas puedes perder el aparato que ha costado varios millones\u00bb, alert\u00f3 Conde. \u00abEntonces, por un lado, est\u00e1 la IA a bordo que busca predecir las anomal\u00edas o anteponerse a ellas y, por otro lado, nosotros desarrollamos instrumentos de los que sacamos varios gigas de datos al d\u00eda que no podemos descargar. Tener una IA que sea capaz de seleccionar qu\u00e9 datos son importantes y cu\u00e1les no, y enviar un aviso lo antes posible dando prioridad es clave\u00bb, detall\u00f3 y reconoci\u00f3 que llevan invirtiendo en esto desde hace a\u00f1os y empiezan a ver los resultados.<\/p>\n        <h2 class=\"\">Necesidad de una figura humana<\/h2>\n    <p class=\"parrafocount\">Los datos tambi\u00e9n son clave en Vicomtech, pero Igor Garc\u00eda quiso hacer hincapi\u00e9 en la importancia de la figura humana. \u00abHemos visto que tiene poco sentido que un sistema inteligente act\u00fae sin que los humanos sepan por qu\u00e9 se est\u00e1n haciendo las cosas. Si vamos a preguntarle a un experto humano por una decisi\u00f3n relevante le vamos a preguntar el porqu\u00e9\u00bb. \u00abPor eso necesitamos saber qu\u00e9 informaci\u00f3n hay en los datos relevante, porque <strong>si una IA hace algo mal, lo puede hacer muy mal<\/strong>, un humano puede equivocarse, pero tiende a mantener sus decisiones dentro de un contexto\u00bb, afirm\u00f3. \u00abSaber por qu\u00e9 te est\u00e1 llevando a ese tipo de decisi\u00f3n es necesario y meter al humano experto es fundamental\u00bb.<\/p><p class='parrafocount'><p class='parrafocount'>Y si algo qued\u00f3 claro en el coloquio es que todo esto ya no es ciencia ficci\u00f3n. \u00abNosotros somos un centro que se dedica a \u00e1mbitos multitecnol\u00f3gicos y lo aplicamos a sectores muy diversos, desde el industrial, transporte, finanzas, alimentaci\u00f3n y bebidas&#8230; Hay muchos sectores y en todos est\u00e1 habiendo una enorme pujanza por soluciones basadas en la inteligencia artificial\u00bb, destac\u00f3 Josu Bilbao. \u00abPara los pr\u00f3ximos 4 a\u00f1os prevemos una facturaci\u00f3n de 30 millones de euros para desarrollo de proyectos en este sentido\u00bb.<\/p><p class='parrafocount'><p class='parrafocount'>Y destac\u00f3 el tiempo como un elemento a tener en cuenta. \u00abEl horizonte temporal entre la investigaci\u00f3n a medio-largo plazo y la transferencia a la industria pod\u00eda rondar los 4 a\u00f1os. Ahora la industria demanda la incorporaci\u00f3n inmediata de este tipo de tecnolog\u00edas\u00bb.<\/p>[vc_empty_space height=\u00bb25&#8243;]\n          <span class=\"autoplay videoCount\">\n            <div class=\"videoC autoplay videoCount\" data-autoplay=\"false\">\n                <figure>\n                <div id=\"video_6362538696112\">\n                    <div\n                        class=\"video-player video nibara-element\"\n                        data-voc-video-player\n                        data-voc-video-player-source=\"brightcove\"\n                        data-voc-video-player-accountname=\"elcorreo\"\n                        data-voc-video-player-videoid=\"6362538696112\"\n                        data-voc-video-player-autoplay=\"false\"\n                        data-voc-video-player-muted=\"true\"\n                        data-voc-video-player-poster=\"\/content-local\/wp-content\/uploads\/sites\/10\/2024\/10\/FORO-IA-empresas.jpg\"\n                        data-nibara-module=\"video-player\">\n                        <!-- <div class=\"video-player-play-button\">\n                            <span class=\"boton-video\">\n                                <svg viewBox=\"0 0 24 24\">\n                                    <path d=\"M8,5.14V19.14L19,12.14L8,5.14Z\"><\/path>\n                                <\/svg>\n                            <\/span>\n                        <\/div> --> \n                    <\/div>\n                    <style>\n                    .video-player {\n                        position: relative;\n                        display: block;\n                    }\n                     \n                    .boton-video {\n                        position: absolute;\n                        top: 50%;\n                        left: 50%;\n                        width: 60px;\n                        height: 60px;                                                  \n                        z-index: 1;\n                        pointer-events:none !important;\n                    }\n                     \n                    .boton-video svg {\n                        max-width: 60px;\n                        max-height: 60px;\n                        fill: #fff\n                    }   \n                    <\/style>\n                <\/div>\n                <\/figure>\n            <\/div>\n          <\/span>[vc_empty_space height=\u00bb25&#8243;]\n        <h2 class=\"\">Regulaci\u00f3n<\/h2>\n    <p class=\"parrafocount\">Hablar de IA es hablar, obligatoriamente de regulaci\u00f3n. \u00abCuando entrenas modelos y manejas muchos datos, \u00bfqu\u00e9 pasa con ellos? Cierto sudor en la nuca te entra cuando sacas un s\u00faper modelo de procesamiento de datos y lo llevas a un pa\u00eds que igual no tiene la misma legislaci\u00f3n. <strong>\u00bfQu\u00e9 garant\u00eda tienes de que esos datos no van a ser utilizados por terceros?<\/strong>\u00bb, se pregunt\u00f3 Kepa Unzilla. Un problema a nivel mundial, ya que como \u00e9l mismo reconoci\u00f3 los marcos regulatorios no son los mismos en todos los pa\u00edses. No s\u00f3lo eso. \u00abHay un problema que a m\u00ed me parece preocupante que es que ChatGPT est\u00e1 dise\u00f1ado para ser cre\u00edble, no para ser cierto. Y eso es una f\u00e1brica de fake news\u00bb.<\/p><p class='parrafocount'><p class='parrafocount'>Ante esta afirmaci\u00f3n, Igor Garc\u00eda expres\u00f3 que \u00abel cambio va a ser cultural\u00bb, seg\u00fan su opini\u00f3n. \u00abHace 100 a\u00f1os la gente se cre\u00eda todo lo que le\u00eda, si est\u00e1 escrito ser\u00e1 cierto. Con la llegada de internet le dabas valor a una imagen, si lo he visto ser\u00e1 cierto. Ahora tendremos que hacer ese cambio cultural de que puede no ser cierto lo que estamos viendo\u00bb, reconoci\u00f3. \u00ab<strong>Se hacen esfuerzos para que nadie se quede en la brecha digital y creo que con la IA pasar\u00e1 lo mismo<\/strong>\u00bb.<\/p><p class=\"parrafocount\">\u00abHace pocas d\u00e9cadas hab\u00eda que poner en los juguetes, este juguete no vuela solo. Pues ser\u00eda poner una especie de marca de agua para tener la confianza de que la foto que te ha llegado es real. Es un <strong>reto amplio, cultural, tecnol\u00f3gico&#8230;<\/strong>\u00bb, a\u00f1adi\u00f3 el portavoz de Ikerlan. Algo que puede ser v\u00e1lido, pero que seg\u00fan el experto de Sarenet es complicado de llevar a cabo \u00absi no regulan todos los pa\u00edses. Si regula Espa\u00f1a, pero no regula India y te llega esa imagen&#8230;\u00bb.<\/p><p class='parrafocount'><p class='parrafocount'>Sin olvidar, como indic\u00f3 Igor Garc\u00eda, que \u00abt\u00e9cnicamente puedes entrenar a la IA para que replique la imagen sin marca de agua, es una carrera constante. Cada vez que hay un avance tecnol\u00f3gico hay una doble direcci\u00f3n que puede tener\u00bb.<\/p><p class='parrafocount'><p class='parrafocount'>\u00abSi ponemos normas para proteger a nuestros hijos de que no vean cosas que son falsas igual es un error. Igual nos tenemos que centrar en educar y tener criterio para diferenciar lo que es real de lo que no\u00bb, propuso Aitor Conde. \u00abLa IA lleva todo m\u00e1s all\u00e1. Ya pasaba con los emails, pero es que ahora te pueden llamar por tel\u00e9fono diciendo que es tu jefe y que necesita ayuda, y es muy f\u00e1cil caer\u00bb. \u00abSiempre habr\u00e1 gente con malas intenciones, tenemos que educar a nuestros hijos para aprender a tener criterio. En el sector espacial, la IA es clave para resolver problemas a distancia, lo que subraya la importancia de preparar a las nuevas generaciones para enfrentar desaf\u00edos complejos con tecnolog\u00eda avanzada.\u00bb, expuso el experto de Satlantis.<\/p>[vc_empty_space height=\u00bb25&#8243;]\n        <h2 class=\"\">V\u00eddeo resumen<\/h2>\n    \n          <span class=\"autoplay videoCount\">\n            <div class=\"videoC autoplay videoCount\" data-autoplay=\"false\">\n                <figure>\n                <div id=\"video_6362800908112\">\n                    <div\n                        class=\"video-player video nibara-element\"\n                        data-voc-video-player\n                        data-voc-video-player-source=\"brightcove\"\n                        data-voc-video-player-accountname=\"elcorreo\"\n                        data-voc-video-player-videoid=\"6362800908112\"\n                        data-voc-video-player-autoplay=\"false\"\n                        data-voc-video-player-muted=\"true\"\n                        data-voc-video-player-poster=\"\"\n                        data-nibara-module=\"video-player\">\n                        <!-- <div class=\"video-player-play-button\">\n                            <span class=\"boton-video\">\n                                <svg viewBox=\"0 0 24 24\">\n                                    <path d=\"M8,5.14V19.14L19,12.14L8,5.14Z\"><\/path>\n                                <\/svg>\n                            <\/span>\n                        <\/div> --> \n                    <\/div>\n                    <style>\n                    .video-player {\n                        position: relative;\n                        display: block;\n                    }\n                     \n                    .boton-video {\n                        position: absolute;\n                        top: 50%;\n                        left: 50%;\n                        width: 60px;\n                        height: 60px;                                                  \n                        z-index: 1;\n                        pointer-events:none !important;\n                    }\n                     \n                    .boton-video svg {\n                        max-width: 60px;\n                        max-height: 60px;\n                        fill: #fff\n                    }   \n                    <\/style>\n                <\/div>\n                <\/figure>\n            <\/div>\n          <\/span>[\/vc_column][\/vc_row][vc_row el_class=\u00bbgrid grid-pad\u00bb][vc_column el_class=\u00bbcol-10-12 tablet-col-1-1 fondo-gris\u00bb][vc_empty_space height=\u00bb22px\u00bb]<p class=\"parrafocount\"><strong>Aplicaciones futuras<\/strong><\/p><p class='parrafocount'><p class='parrafocount'>Los ponentes se mostraron de acuerdo en que va a cambiar tanto el escenario que es imposible prever. \u00abLa aplicaci\u00f3n de la IA es mucho m\u00e1s mundana de lo que nos parece. Se utiliza en la mayor\u00eda de las cosas del d\u00eda a d\u00eda. Y eso va a cambiar tanto el entorno que pretender ver c\u00f3mo va a ser en 3 a\u00f1os me parece imposible\u00bb, asegur\u00f3 Unzilla.<br \/><p class='parrafocount'>Sin embargo, se preve\u00eda que la IA iba \u00aba eliminar los procesos m\u00e1s b\u00e1sicos y se est\u00e1 viendo que es al rev\u00e9s. Donde m\u00e1s impacto est\u00e1 teniendo es en medicina, derecho, trabajos m\u00e1s cognitivos y no tanto los f\u00edsicos. No creo que esos trabajos est\u00e9n en riesgo, pero s\u00ed creo que no adaptarnos a ella es un error\u00bb, reconoci\u00f3 Garc\u00eda.<br \/><p class='parrafocount'>Josu Bilbao explic\u00f3 algunas de las l\u00edneas de investigaci\u00f3n que se est\u00e1n desarrollando como la IA intermodal, la safety o multiagentes de IA que a su vez se componen de diferentes agentes. \u00abEstamos ante la mayor revoluci\u00f3n de nuestra era y esto requiere muchos a\u00f1os, pero lo puede cambiar todo. y no s\u00f3lo necesita una vertiente tecnol\u00f3gica, tambi\u00e9n las humanidades son fundamentales\u00bb.<br \/><p class='parrafocount'>Lo que s\u00ed parece es que a\u00fan falta por investigar en neurociencia para llegar a crear una inteligencia que &#8216;piense&#8217;. \u00abHay quien dice que estamos a 6 a\u00f1os de lograr que una m\u00e1quina piense, otros dicen que 40 a\u00f1os y otros dicen que nunca. Lo que est\u00e1 claro es que a futuro cercano, cualquier tarea que una persona puede hacer la puedes automatizar\u00bb, asever\u00f3 Conde.<br \/><p class='parrafocount'>\u00abLa IA vendr\u00e1 a cubrir carencias que vamos a tener\u00bb, concluy\u00f3 Bilbao.<\/p>[\/vc_column][\/vc_row][vc_row centrar=\u00bbtrue\u00bb el_class=\u00bbgrid grid-pad\u00bb][vc_column el_class=\u00bbcol-12-12 tablet-col-1-1&#8243;]\n        <h3 class=\"\">Los protagonistas<\/h3>\n    [vc_row_inner el_id=\u00bbdoble-columna\u00bb][vc_column_inner][vc_single_image image=\u00bb108547&#8243; img_size=\u00bb500&#215;500&#8243; el_class=\u00bbfoto-izquierda\u00bb css=\u00bb.vc_custom_1727944723719{margin-top: 0px !important;}\u00bb][vc_column_text el_class=\u00bbtexto-derecha\u00bb]<\/p>\n<h4>Josu Bilbao<\/h4>\n<p>&nbsp;<\/p>\n<h5>Director de tecnolog\u00edas digitales e IA de Ikerlan<\/h5>\n<p>&nbsp;<\/p>\n<div class=\"cita\">\n<p>\u00abEstamos ante la mayor revoluci\u00f3n de nuestra era y esto requiere muchos a\u00f1os, pero lo puede cambiar todo\u00bb<\/p>\n<\/div>\n<p>[\/vc_column_text][\/vc_column_inner][\/vc_row_inner][vc_row_inner el_id=\u00bbdoble-columna\u00bb][vc_column_inner][vc_column_text el_class=\u00bbtexto-derecha\u00bb]<\/p>\n<h4>Kepa Unzilla<\/h4>\n<h5>Director de desarrollo de negocio de Sarenet<\/h5>\n<div class=\"cita\">\n<p>\u00abChatGPT est\u00e1 dise\u00f1ado para ser cre\u00edble, no para ser cierto. Y eso es una f\u00e1brica de fake news\u00bb<\/p>\n<\/div>\n<p>[\/vc_column_text][vc_single_image image=\u00bb108548&#8243; img_size=\u00bb500&#215;500&#8243; el_class=\u00bbfoto-izquierda\u00bb css=\u00bb.vc_custom_1727944735269{margin-top: 0px !important;}\u00bb][\/vc_column_inner][\/vc_row_inner][vc_row_inner el_id=\u00bbdoble-columna\u00bb][vc_column_inner el_class=\u00bbinvertir\u00bb][vc_single_image image=\u00bb108549&#8243; img_size=\u00bb500&#215;500&#8243; el_class=\u00bbfoto-izquierda\u00bb css=\u00bb.vc_custom_1727944747312{margin-top: 0px !important;}\u00bb][vc_column_text el_class=\u00bbtexto-derecha\u00bb]<\/p>\n<h4>Aitor Conde<\/h4>\n<h5>Chief Technology Officer de Satlantis<\/h5>\n<div class=\"cita\">\n<p>\u00abSiempre va a haber gente con malas intenciones, tenemos que tener criterio\u00bb<\/p>\n<\/div>\n<p>[\/vc_column_text][\/vc_column_inner][\/vc_row_inner][vc_row_inner el_id=\u00bbdoble-columna\u00bb][vc_column_inner][vc_column_text el_class=\u00bbtexto-derecha\u00bb]<\/p>\n<h4>Igor Garc\u00eda<\/h4>\n<h5>Director de Industria de Vicomtech<\/h5>\n<div class=\"cita\">\n<p>\u00abTendremos que hacer ese cambio cultural de que puede no ser cierto lo que estamos viendo\u00bb<\/p>\n<\/div>\n<p>[\/vc_column_text][vc_single_image image=\u00bb108550&#8243; img_size=\u00bb500&#215;500&#8243; el_class=\u00bbfoto-izquierda\u00bb css=\u00bb.vc_custom_1727944759183{margin-top: 0px !important;}\u00bb][vc_empty_space height=\u00bb25&#8243;][\/vc_column_inner][\/vc_row_inner][vc_empty_space height=\u00bb30&#8243;][\/vc_column][\/vc_row][vc_row centrar=\u00bbtrue\u00bb el_class=\u00bbgrid grid-pad\u00bb][vc_column el_class=\u00bbcol-1-1 tablet-col-1-1&#8243;]\n        <div class='bloque'>\n         <div class='compartir'><p>Compartir<\/p><ul>\n                <li class='facebook'>\n                            <a href='https:\/\/www.facebook.com\/sharer\/sharer.php?u=https:\/\/elcorreo.com\/content-local\/foro-ia-transicion-digital-que-ayuda-a-las-empresas\/' class='bcl-compartir-fb' target='_blank' title='Compartelo en Facebook' rel='nofollow'>\n                        <i class='facebook'><\/i>\n                    <\/a>\n                <\/li><li class='twitter'>\n                    <a href='https:\/\/twitter.com\/intent\/tweet?text=https:\/\/elcorreo.com\/content-local\/foro-ia-transicion-digital-que-ayuda-a-las-empresas\/' class='bcl-compartir-tw twitter' target='_blank' title='Compartelo en Twitter' rel='nofollow'>\n                        <i class='twitter'><\/i>\n                    <\/a>\n                <\/li><li class='whatsapp'>\n                    <a href='whatsapp:\/\/send?text=https:\/\/elcorreo.com\/content-local\/foro-ia-transicion-digital-que-ayuda-a-las-empresas\/' class='whatsapp' target='_blank' title='Compartelo en whatsapp' rel='nofollow'>\n                        <i class='whatsapp'><\/i>\n                    <\/a>\n                <\/li>\n                   <\/ul><\/div>\n        <div class='pie-ad '>\n            <p><strong>Content Service\u00a0<\/strong>desarrollado por <a href=\"https:\/\/www.srbediciones.com\/\" target=\"_blank\" rel=\"noopener\">SRB Ediciones<\/a>.<\/p>\n        <\/div><\/div>[\/vc_column][\/vc_row]<\/p>\n","protected":false},"excerpt":{"rendered":"<p>[vc_row][vc_column][\/vc_column][\/vc_row][vc_row centrar=\u00bbtrue\u00bb el_class=\u00bbgrid grid-pad\u00bb][vc_column el_class=\u00bbcol-1-1 tablet-col-1-1&#8243;][\/vc_column][\/vc_row][vc_row centrar=\u00bbtrue\u00bb el_class=\u00bbgrid grid-pad\u00bb][vc_column el_class=\u00bbcol-10-12 tablet-col-1-1&#8243;][vc_empty_space height=\u00bb25&#8243;][vc_empty_space height=\u00bb25&#8243;][vc_empty_space height=\u00bb25&#8243;][\/vc_column][\/vc_row][vc_row el_class=\u00bbgrid grid-pad\u00bb][vc_column el_class=\u00bbcol-10-12 tablet-col-1-1 fondo-gris\u00bb][vc_empty_space height=\u00bb22px\u00bb][\/vc_column][\/vc_row][vc_row centrar=\u00bbtrue\u00bb el_class=\u00bbgrid grid-pad\u00bb][vc_column el_class=\u00bbcol-12-12 tablet-col-1-1&#8243;][vc_row_inner el_id=\u00bbdoble-columna\u00bb][vc_column_inner][vc_single_image image=\u00bb108547&#8243; img_size=\u00bb500&#215;500&#8243; el_class=\u00bbfoto-izquierda\u00bb css=\u00bb.vc_custom_1727944723719{margin-top: 0px !important;}\u00bb][vc_column_text el_class=\u00bbtexto-derecha\u00bb] Josu Bilbao &nbsp; Director de tecnolog\u00edas digitales e IA de Ikerlan &nbsp; \u00abEstamos ante la mayor revoluci\u00f3n de nuestra era y esto [&hellip;]<\/p>\n","protected":false},"author":10,"featured_media":0,"comment_status":"closed","ping_status":"closed","sticky":false,"template":"","format":"standard","meta":[],"categories":[43],"tags":[1987],"acf":[],"_links":{"self":[{"href":"\/content-local\/wp-json\/wp\/v2\/posts\/108530"}],"collection":[{"href":"\/content-local\/wp-json\/wp\/v2\/posts"}],"about":[{"href":"\/content-local\/wp-json\/wp\/v2\/types\/post"}],"author":[{"embeddable":true,"href":"\/content-local\/wp-json\/wp\/v2\/users\/10"}],"replies":[{"embeddable":true,"href":"\/content-local\/wp-json\/wp\/v2\/comments?post=108530"}],"version-history":[{"count":6,"href":"\/content-local\/wp-json\/wp\/v2\/posts\/108530\/revisions"}],"predecessor-version":[{"id":108618,"href":"\/content-local\/wp-json\/wp\/v2\/posts\/108530\/revisions\/108618"}],"wp:attachment":[{"href":"\/content-local\/wp-json\/wp\/v2\/media?parent=108530"}],"wp:term":[{"taxonomy":"category","embeddable":true,"href":"\/content-local\/wp-json\/wp\/v2\/categories?post=108530"},{"taxonomy":"post_tag","embeddable":true,"href":"\/content-local\/wp-json\/wp\/v2\/tags?post=108530"}],"curies":[{"name":"wp","href":"https:\/\/api.w.org\/{rel}","templated":true}]}}